{"id":4750,"date":"2024-09-26T22:49:36","date_gmt":"2024-09-26T22:49:36","guid":{"rendered":"https:\/\/politicapatagonica.com\/?p=4750"},"modified":"2024-09-27T17:16:45","modified_gmt":"2024-09-27T17:16:45","slug":"la-oposicion-volvio-a-dejar-sin-quorum-al-consejo-deliberante-de-la-pampa","status":"publish","type":"post","link":"https:\/\/politicapatagonica.com\/index.php\/2024\/09\/26\/la-oposicion-volvio-a-dejar-sin-quorum-al-consejo-deliberante-de-la-pampa\/","title":{"rendered":"La oposici\u00f3n volvi\u00f3 a dejar sin qu\u00f3rum al Concejo Deliberante de la capital pampeana que no pudo sesionar"},"content":{"rendered":"\n<p><strong>La oposici\u00f3n dej\u00f3 este jueves sin quorum al Concejo Deliberante de la capital pampeana, que no pudo sesionar.<\/strong><\/p>\n\n\n\n<p>Como consecuencia de la maniobra, curiosamente,&nbsp;<strong>no ingres\u00f3 la nota en la que los bloques opositores ped\u00edan la suspensi\u00f3n de la puesta en marcha de la RTO desde el 1 de octubre<\/strong>.&nbsp;<\/p>\n\n\n\n<p>La sesi\u00f3n se qued\u00f3 sin quorum por el rechazo del oficialismo a devolver a comisi\u00f3n<strong>\u00a0la modificaci\u00f3n del C\u00f3digo de Faltas<\/strong>\u00a0que estaba en el orden del d\u00eda de este jueves.\u00a0<strong>&#8220;(El intendente Luciano) Di N\u00e1poli pretende que el Concejo sea su escriban\u00eda&#8221;<\/strong>, dijeron los ediles opositores.<\/p>\n\n\n\n<p>Luego de haberse retirado del recinto,<strong> los bloques de la UCR y el PRO emitieron un comunicado.<\/strong><\/p>\n\n\n\n<p>&#8220;Una vez m\u00e1s, con el argumento de la seguridad vial y la modernizaci\u00f3n de la ciudad el Intendente se lleva puestos a los vecinos y vecinas; quedando en evidencia su verdadero objetivo: recaudar a toda costa&#8221;, indicaron.<\/p>\n\n\n\n<p><strong>&#8220;No dimos qu\u00f3rum porque ante la ausencia de di\u00e1logo y sentido com\u00fan es la \u00fanica herramienta que tenemos para frenar el atropello de los concejales del Frejupa, que solo piensan en seguir ciegamente las instrucciones del Intendente&#8221;<\/strong>, se\u00f1alaron en el mismo escrito.<\/p>\n\n\n\n<p>Tambi\u00e9n destacaron que &#8220;el Bloque del Frejupa present\u00f3 un Proyecto de Ordenanza para modificar el C\u00f3digo de Faltas y poder implementar el sistema de<strong> Foto Multas y Radares <\/strong>en distintos puntos de la ciudad.&nbsp;Este proyecto fue tratado en comisi\u00f3n y gener\u00f3 cuestionamientos de los bloques opositores: en uno de sus art\u00edculos establece que los infractores sean notificados al correo electr\u00f3nico (mail) que figure ante el Registro de la Propiedad Automotor o al domicilio fiscal municipal. Desde la UCR y PRO propusimos que esta notificaci\u00f3n sea en papel al domicilio f\u00edsico, garantizando as\u00ed el derecho de defensa de la ciudadan\u00eda&#8221;.<\/p>\n\n\n\n<p>Y apuntaron: &#8220;Esta sugerencia fue consensuada y aprobada por el oficialismo en Comisi\u00f3n, pero antes de la sesi\u00f3n los disc\u00edpulos del Intendente<strong> fueron obligados a cambiar el dictamen <\/strong>que ellos mismos hab\u00edan firmado.&nbsp;Lo que pretende el Intendente puede generar que las personas sean multadas y no se puedan defender por no haberse enterado hasta el momento en que se les exija el pago&#8221;.<\/p>\n\n\n\n<p>&#8220;\u00bfHay que modernizar el Estado? S\u00ed. \u00bfHay que agilizar la burocracia? S\u00ed. Pero no podemos violentar derechos fundamentales como lo son el debido proceso y la garant\u00eda de defensa en juicio&#8221;, dijeron en otro tramo del comunicado de prensa.<\/p>\n\n\n\n<p>&#8220;A esta discusi\u00f3n y, marcando un patr\u00f3n de conducta del Intendente, se suma que la Agencia Nacional de Seguridad Vial nos ha informado que el Municipio si bien inici\u00f3 los tr\u00e1mites para obtener <strong>autorizaci\u00f3n para el uso de radares en rutas nacionales<\/strong>, \u00e9sta a\u00fan no ha sido otorgada, tal cual lo exige la Ley 26.363. El intendente no ha brindado ninguna explicaci\u00f3n al respecto, as\u00ed como tampoco sobre la autorizaci\u00f3n que necesita de Vialidad Nacional&#8221;, aseveraron.<\/p>\n\n\n\n<p>&#8220;No dar qu\u00f3rum fue la \u00fanica manera de defender a los vecinos y vecinas porque si hab\u00eda sesi\u00f3n, se aprobaba por el desempate de la Presidencia del Concejo Deliberante y de ninguna manera aceptaremos que quieran convertirnos en una Escriban\u00eda de Gobierno&#8221;, concluyeron.<\/p>\n\n\n\n<p><strong>Fuente: www.eldiariodelapampa.com.ar<\/strong><\/p>\n","protected":false},"excerpt":{"rendered":"<p>La oposici\u00f3n dej\u00f3 este jueves sin quorum al Concejo Deliberante de la capital pampeana, que no pudo sesionar. Como consecuencia de la maniobra, curiosamente,&nbsp;no ingres\u00f3 la nota en la que los bloques opositores ped\u00edan la suspensi\u00f3n de la puesta en marcha de la RTO desde el 1 de octubre.&nbsp; La sesi\u00f3n se qued\u00f3 sin quorum [&hellip;]<\/p>\n","protected":false},"author":5,"featured_media":4751,"comment_status":"open","ping_status":"open","sticky":false,"template":"","format":"standard","meta":[],"categories":[10],"tags":[],"_links":{"self":[{"href":"https:\/\/politicapatagonica.com\/index.php\/wp-json\/wp\/v2\/posts\/4750"}],"collection":[{"href":"https:\/\/politicapatagonica.com\/index.php\/wp-json\/wp\/v2\/posts"}],"about":[{"href":"https:\/\/politicapatagonica.com\/index.php\/wp-json\/wp\/v2\/types\/post"}],"author":[{"embeddable":true,"href":"https:\/\/politicapatagonica.com\/index.php\/wp-json\/wp\/v2\/users\/5"}],"replies":[{"embeddable":true,"href":"https:\/\/politicapatagonica.com\/index.php\/wp-json\/wp\/v2\/comments?post=4750"}],"version-history":[{"count":4,"href":"https:\/\/politicapatagonica.com\/index.php\/wp-json\/wp\/v2\/posts\/4750\/revisions"}],"predecessor-version":[{"id":4762,"href":"https:\/\/politicapatagonica.com\/index.php\/wp-json\/wp\/v2\/posts\/4750\/revisions\/4762"}],"wp:featuredmedia":[{"embeddable":true,"href":"https:\/\/politicapatagonica.com\/index.php\/wp-json\/wp\/v2\/media\/4751"}],"wp:attachment":[{"href":"https:\/\/politicapatagonica.com\/index.php\/wp-json\/wp\/v2\/media?parent=4750"}],"wp:term":[{"taxonomy":"category","embeddable":true,"href":"https:\/\/politicapatagonica.com\/index.php\/wp-json\/wp\/v2\/categories?post=4750"},{"taxonomy":"post_tag","embeddable":true,"href":"https:\/\/politicapatagonica.com\/index.php\/wp-json\/wp\/v2\/tags?post=4750"}],"curies":[{"name":"wp","href":"https:\/\/api.w.org\/{rel}","templated":true}]}}