{"id":4747,"date":"2024-09-26T22:43:22","date_gmt":"2024-09-26T22:43:22","guid":{"rendered":"https:\/\/politicapatagonica.com\/?p=4747"},"modified":"2024-09-27T17:08:22","modified_gmt":"2024-09-27T17:08:22","slug":"chubut-gestiona-ante-nacion-la-reactivacion-de-obras-energeticas-clave-para-la-provincia","status":"publish","type":"post","link":"https:\/\/politicapatagonica.com\/index.php\/2024\/09\/26\/chubut-gestiona-ante-nacion-la-reactivacion-de-obras-energeticas-clave-para-la-provincia\/","title":{"rendered":"Chubut gestiona ante Naci\u00f3n la reactivaci\u00f3n de obras energ\u00e9ticas claves para la provincia"},"content":{"rendered":"\n<p><strong>El secretario de Infraestructura, Energ\u00eda y Planificaci\u00f3n de la Provincia, Nicol\u00e1s Cittadini,<\/strong> se reuni\u00f3 con el secretario de Energ\u00eda de la Naci\u00f3n,<strong> Eduardo Rodr\u00edguez Chirillo<\/strong> para avanzar en relaci\u00f3n con el interconectado Esquel-Gobernador Costa-R\u00edo Senguer, la situaci\u00f3n de las Cooperativas de Chubut y la Represa Futaleuf\u00fa, entre otros puntos. &nbsp;<\/p>\n\n\n\n<p>El encuentro mantenido est\u00e1 semana en Buenos Aires, cont\u00f3 tambi\u00e9n con la presencia del subsecretario de Energ\u00eda, <strong>Dami\u00e1n Sanfilippo.<\/strong><\/p>\n\n\n\n<p>Respecto a la obra de interconexi\u00f3n de 132 Kv Esquel- Tecka- Gobernador Costa-R\u00edo Senguer, ambos funcionarios actualizaron el estado de situaci\u00f3n de la licitaci\u00f3n, priorizada y contemplada en el presupuesto del Banco Interamericano de Desarrollo (BID), abordando adem\u00e1s el compromiso de Energ\u00eda para solicitar al Ministerio de Econom\u00eda de la Naci\u00f3n que en<strong> el presupuesto del a\u00f1o 2025 est\u00e9n las garant\u00edas soberanas para poder llevar adelante la obra,<\/strong> a trav\u00e9s de un acuerdo subsidiario entre Naci\u00f3n y Provincia.<\/p>\n\n\n\n<p><strong>Soluci\u00f3n para m\u00e1s de 15.000 chubutenses<\/strong><\/p>\n\n\n\n<p>Es una obra impulsada por el gobierno provincial, <strong>cuya finalidad es remediar una falencia y estancamiento hist\u00f3rico del sistema de provisi\u00f3n de energ\u00eda el\u00e9ctrica al interior de la provincia, proveyendo servicio el\u00e9ctrico de calidad y en cantidad a 10 localidades y a m\u00e1s de 15.000 pobladores chubutenses, que actualmente se proveen de energ\u00eda por sistemas de generaci\u00f3n a gas y gas oil y representan el 53% de generaci\u00f3n aislada.<\/strong><\/p>\n\n\n\n<p>Desde el \u00e1rea que encabeza el secretario Cittadini se destac\u00f3 que &#8220;la obra permitir\u00e1 sustituir el 100% de consumo de gas y el 25% de consumo de gas oil para generaci\u00f3n de energ\u00eda&#8221;, se\u00f1alando adem\u00e1s que<strong> &#8220;este sistema de interconexi\u00f3n evitar\u00e1 la emisi\u00f3n de 1,60 toneladas de di\u00f3xido de carbono por habitante por a\u00f1o&#8221;.<\/strong><\/p>\n\n\n\n<blockquote class=\"wp-block-quote\">\n<h3><strong>Otro de los beneficios es que &#8220;permitir\u00e1 la instalaci\u00f3n de sistemas de energ\u00eda renovable en todo su trazado&#8221;, al tiempo que &#8220;incluye a territorios y sus comunidades a la infraestructura nacional&#8221;.<\/strong><\/h3>\n<\/blockquote>\n\n\n\n<p>Tambi\u00e9n &#8220;iguala socialmente en derechos a comunidades hist\u00f3ricamente postergadas, creando nuevas oportunidades para su desarrollo&#8221;, y asimismo &#8220;agrega valor territorial a los sectores ganadero, tur\u00edstico, log\u00edstico y electro energ\u00e9tico&#8221;.<\/p>\n\n\n\n<p>Tras el encuentro se record\u00f3 que <strong>&#8220;la obra comprende un trazado de l\u00edneas de 132 Kilovolts entre las ciudades de Esquel y R\u00edo Senguer con dos estaciones transformadoras en Gobernador Costa y la propia R\u00edo Senguer que se unir\u00e1n a los sistemas de interconexi\u00f3n centro oeste y sur oeste con una longitud total de 302,4 kil\u00f3metros&#8221;.<\/strong><\/p>\n\n\n\n<p>Respecto al costo total de la obra&nbsp;&#8220;se estima en 118.479.376 d\u00f3lares&#8221;, contando los estudios ambientales y de financiaci\u00f3n &#8220;con audiencias p\u00fablicas aprobadas&#8221;, en tanto que el financiamiento se est\u00e1 tramitando a trav\u00e9s del Banco Interamericano de Desarrollo (BID).<\/p>\n\n\n\n<p><strong>Cooperativas y Represa Futaleuf\u00fa<\/strong><\/p>\n\n\n\n<p>Respecto a la situaci\u00f3n de las Cooperativas de Chubut, particularmente las m\u00e1s grandes como son las de Comodoro Rivadavia, Trelew, Puerto Madryn y Rawson; Chirilo resumi\u00f3 las deudas que tienen con la Compa\u00f1\u00eda Administradora del Mercado Mayorista El\u00e9ctrico Sociedad An\u00f3nima (CAMMESA), la necesidad de regularizar las mismas y la delicada situaci\u00f3n financiera que atraviesan.<\/p>\n\n\n\n<p>En tanto que en relaci\u00f3n con la Represa Futaleuf\u00fa, cuyo contrato de concesi\u00f3n vence a fines de 2025, ambos funcionarios coincidieron en tratar con antelaci\u00f3n c\u00f3mo ser\u00e1 el nuevo proceso de concesi\u00f3n y operaci\u00f3n a partir de esa fecha, proponiendo una mesa de trabajo conjunta entre Naci\u00f3n y la Provincia del Chubut, a trav\u00e9s de la Secretar\u00eda de Infraestructura y de Recursos H\u00eddricos, es decir el Instituto Provincial del Agua (IPA), y as\u00ed analizar las leyes nacionales junto al C\u00f3digo de Aguas Provincial.<\/p>\n\n\n\n<blockquote class=\"wp-block-quote\">\n<h3><strong>Otros temas abordados por Cittadini en su encuentro con el secretario de Energ\u00eda de la Naci\u00f3n fue la iniciativa de inversi\u00f3n privada en el parque e\u00f3lico Escorial, en nuestra meseta chubutense.<\/strong><\/h3>\n<\/blockquote>\n\n\n\n<p><strong>Tambi\u00e9n se analiz\u00f3 la transferencia de la empresa &#8220;Vientos de la Patagonia&#8221; a Chubut,<\/strong> una empresa mixta con 80 % de capitales propiedad de ENARSA y 20 % de Chubut, acordando la transferencia completa de la misma hacia la provincia.<\/p>\n\n\n\n<p>Por \u00faltimo,<strong> abordaron el tratamiento de las obras el\u00e9ctricas de Esquel y El Coihue<\/strong>, las cuales sigue financiando la provincia, ya que a trav\u00e9s del Convenio 268 recuperar\u00e1 parte de esos fondos invertidos. &nbsp;<\/p>\n\n\n\n<p>En este sentido, se inform\u00f3 que para poder liberar los fondos, la Naci\u00f3n realizar\u00e1 una visita e inspecci\u00f3n de obra la primera semana de octubre,<strong> para luego certificar los avances y realizar los desembolsos (Esquel 65 millones y El Coihue 450 millones)<\/strong>.<\/p>\n\n\n\n<p><strong>Fuente: www.elchubut.com.ar<\/strong><\/p>\n","protected":false},"excerpt":{"rendered":"<p>El secretario de Infraestructura, Energ\u00eda y Planificaci\u00f3n de la Provincia, Nicol\u00e1s Cittadini, se reuni\u00f3 con el secretario de Energ\u00eda de la Naci\u00f3n, Eduardo Rodr\u00edguez Chirillo para avanzar en relaci\u00f3n con el interconectado Esquel-Gobernador Costa-R\u00edo Senguer, la situaci\u00f3n de las Cooperativas de Chubut y la Represa Futaleuf\u00fa, entre otros puntos. &nbsp; El encuentro mantenido est\u00e1 semana [&hellip;]<\/p>\n","protected":false},"author":5,"featured_media":4748,"comment_status":"open","ping_status":"open","sticky":false,"template":"","format":"standard","meta":[],"categories":[14],"tags":[],"_links":{"self":[{"href":"https:\/\/politicapatagonica.com\/index.php\/wp-json\/wp\/v2\/posts\/4747"}],"collection":[{"href":"https:\/\/politicapatagonica.com\/index.php\/wp-json\/wp\/v2\/posts"}],"about":[{"href":"https:\/\/politicapatagonica.com\/index.php\/wp-json\/wp\/v2\/types\/post"}],"author":[{"embeddable":true,"href":"https:\/\/politicapatagonica.com\/index.php\/wp-json\/wp\/v2\/users\/5"}],"replies":[{"embeddable":true,"href":"https:\/\/politicapatagonica.com\/index.php\/wp-json\/wp\/v2\/comments?post=4747"}],"version-history":[{"count":3,"href":"https:\/\/politicapatagonica.com\/index.php\/wp-json\/wp\/v2\/posts\/4747\/revisions"}],"predecessor-version":[{"id":4757,"href":"https:\/\/politicapatagonica.com\/index.php\/wp-json\/wp\/v2\/posts\/4747\/revisions\/4757"}],"wp:featuredmedia":[{"embeddable":true,"href":"https:\/\/politicapatagonica.com\/index.php\/wp-json\/wp\/v2\/media\/4748"}],"wp:attachment":[{"href":"https:\/\/politicapatagonica.com\/index.php\/wp-json\/wp\/v2\/media?parent=4747"}],"wp:term":[{"taxonomy":"category","embeddable":true,"href":"https:\/\/politicapatagonica.com\/index.php\/wp-json\/wp\/v2\/categories?post=4747"},{"taxonomy":"post_tag","embeddable":true,"href":"https:\/\/politicapatagonica.com\/index.php\/wp-json\/wp\/v2\/tags?post=4747"}],"curies":[{"name":"wp","href":"https:\/\/api.w.org\/{rel}","templated":true}]}}