{"id":4734,"date":"2024-09-25T22:28:36","date_gmt":"2024-09-25T22:28:36","guid":{"rendered":"https:\/\/politicapatagonica.com\/?p=4734"},"modified":"2024-09-26T19:25:25","modified_gmt":"2024-09-26T19:25:25","slug":"martin-perez-rechazo-el-acuerdo-entre-cancilleria-y-reino-unido-por-malvinas-es-una-reedicion-del-pacto-foradori-duncan","status":"publish","type":"post","link":"https:\/\/politicapatagonica.com\/index.php\/2024\/09\/25\/martin-perez-rechazo-el-acuerdo-entre-cancilleria-y-reino-unido-por-malvinas-es-una-reedicion-del-pacto-foradori-duncan\/","title":{"rendered":"El intendente Mart\u00edn P\u00e9rez rechaz\u00f3 el acuerdo entre el gobierno de Milei y Reino Unido por Malvinas"},"content":{"rendered":"\n<p><strong>El intendente de la ciudad fueguina de R\u00edo Grande,<\/strong>\u00a0<strong>Mart\u00edn P\u00e9rez<\/strong>, expres\u00f3 su rechazo al acuerdo anunciado por la<strong>\u00a0Canciller\u00eda argentina<\/strong>\u00a0con el\u00a0<strong>Reino Unido,<\/strong>\u00a0al que calific\u00f3 como una \u201c<strong>reedici\u00f3n del Pacto Foradori-Duncan<\/strong>\u201c. Para P\u00e9rez, \u201ceste tipo de acuerdos consolida la presencia colonial brit\u00e1nica en las Islas Malvinas y permite la continuidad de actividades econ\u00f3micas ilegales en territorio argentino\u201d.<\/p>\n\n\n\n<p>\u201cFacilitar el desarrollo de actividades como la pesca y la conectividad en las Islas bajo condiciones impuestas por el Reino Unido atenta directamente contra nuestra soberan\u00eda. No es posible cooperar con quienes depredan nuestros recursos y violan las resoluciones de la ONU\u201d, afirm\u00f3 desde&nbsp;<strong>Tierra del Fuego<\/strong>.<\/p>\n\n\n\n<p>El intendente riograndense tambi\u00e9n cuestion\u00f3 la forma en que el acuerdo fue comunicado. \u201cEsto ya lo hemos discutido. Este tipo de acuerdos deben ser debatidos en el Congreso de la Naci\u00f3n. Sin embargo, la&nbsp;<strong>canciller Mondino<\/strong>&nbsp;reedita el recurso de un \u2018comunicado\u2019 buscando evitar el debate democr\u00e1tico\u201d, subray\u00f3 P\u00e9rez, a la vez que record\u00f3 que todo lo que facilite la ocupaci\u00f3n brit\u00e1nica va en contra de la&nbsp;<strong>Cl\u00e1usula Transitoria<\/strong>&nbsp;primera de la&nbsp;<strong>Constituci\u00f3n Nacional<\/strong>.<\/p>\n\n\n\n<p>Desde R\u00edo Grande, la Capital Nacional de la Vigilia por Malvinas, P\u00e9rez dej\u00f3 en claro su postura: \u201cRechazamos de manera categ\u00f3rica este acuerdo que va en contra de los intereses argentinos en el Atl\u00e1ntico Sur\u201c.<\/p>\n\n\n\n<p>El intendente reiter\u00f3 su compromiso con la defensa de la soberan\u00eda: \u201cseguiremos alzando la voz desde R\u00edo Grande, donde la causa Malvinas es de todo el pueblo y una responsabilidad que no vamos a abandonar\u201d.<\/p>\n\n\n\n<h3>Qu\u00e9 fue el Pacto Foradori-Duncan<\/h3>\n\n\n\n<p>El acuerdo&nbsp;<strong>Foradori-Duncan<\/strong>, firmado con&nbsp;<strong>Gran Breta\u00f1a<\/strong>&nbsp;en 2016, es el documento rubricado por el exvicecanciller&nbsp;<strong>Carlos Foradori<\/strong>&nbsp;y el entonces ministro de Estado para Europa y las Am\u00e9ricas del Reino Unido,&nbsp;<strong>Alan Duncan<\/strong>, durante el Gobierno de&nbsp;<strong>Mauricio Macri<\/strong>.<strong> El pacto buscaba remover todos los obst\u00e1culos que limitan el crecimiento econ\u00f3mico y el desarrollo sustentable de las Islas Malvinas, incluyendo comercio, pesca, navegaci\u00f3n e hidrocarburos.<\/strong><\/p>\n\n\n\n<p>\u201cSe acord\u00f3 adoptar las medidas apropiadas para remover todos los obst\u00e1culos que limitan el crecimiento econ\u00f3mico y el desarrollo sustentable de las Islas Malvinas, incluyendo comercio, pesca, navegaci\u00f3n e hidrocarburos. Ambas Partes enfatizaron los beneficios de la cooperaci\u00f3n y de un compromiso positivo de todos los involucrados\u201d, expresaba el documento.<\/p>\n\n\n\n<p>Esto dio <strong>v\u00eda libre para acrecentar los negocios en las islas<\/strong>. As\u00ed, en 2019 se realiz\u00f3 una licitaci\u00f3n off shore para la exploraci\u00f3n y explotaci\u00f3n de los hidrocarburos en Mar Argentino.<\/p>\n\n\n\n<p><strong>Fuente: laopinionaustral.com.ar<\/strong><\/p>\n","protected":false},"excerpt":{"rendered":"<p>El intendente de la ciudad fueguina de R\u00edo Grande,\u00a0Mart\u00edn P\u00e9rez, expres\u00f3 su rechazo al acuerdo anunciado por la\u00a0Canciller\u00eda argentina\u00a0con el\u00a0Reino Unido,\u00a0al que calific\u00f3 como una \u201creedici\u00f3n del Pacto Foradori-Duncan\u201c. Para P\u00e9rez, \u201ceste tipo de acuerdos consolida la presencia colonial brit\u00e1nica en las Islas Malvinas y permite la continuidad de actividades econ\u00f3micas ilegales en territorio argentino\u201d. [&hellip;]<\/p>\n","protected":false},"author":5,"featured_media":4735,"comment_status":"open","ping_status":"open","sticky":false,"template":"","format":"standard","meta":[],"categories":[11],"tags":[],"_links":{"self":[{"href":"https:\/\/politicapatagonica.com\/index.php\/wp-json\/wp\/v2\/posts\/4734"}],"collection":[{"href":"https:\/\/politicapatagonica.com\/index.php\/wp-json\/wp\/v2\/posts"}],"about":[{"href":"https:\/\/politicapatagonica.com\/index.php\/wp-json\/wp\/v2\/types\/post"}],"author":[{"embeddable":true,"href":"https:\/\/politicapatagonica.com\/index.php\/wp-json\/wp\/v2\/users\/5"}],"replies":[{"embeddable":true,"href":"https:\/\/politicapatagonica.com\/index.php\/wp-json\/wp\/v2\/comments?post=4734"}],"version-history":[{"count":3,"href":"https:\/\/politicapatagonica.com\/index.php\/wp-json\/wp\/v2\/posts\/4734\/revisions"}],"predecessor-version":[{"id":4745,"href":"https:\/\/politicapatagonica.com\/index.php\/wp-json\/wp\/v2\/posts\/4734\/revisions\/4745"}],"wp:featuredmedia":[{"embeddable":true,"href":"https:\/\/politicapatagonica.com\/index.php\/wp-json\/wp\/v2\/media\/4735"}],"wp:attachment":[{"href":"https:\/\/politicapatagonica.com\/index.php\/wp-json\/wp\/v2\/media?parent=4734"}],"wp:term":[{"taxonomy":"category","embeddable":true,"href":"https:\/\/politicapatagonica.com\/index.php\/wp-json\/wp\/v2\/categories?post=4734"},{"taxonomy":"post_tag","embeddable":true,"href":"https:\/\/politicapatagonica.com\/index.php\/wp-json\/wp\/v2\/tags?post=4734"}],"curies":[{"name":"wp","href":"https:\/\/api.w.org\/{rel}","templated":true}]}}