{"id":4731,"date":"2024-09-25T22:13:23","date_gmt":"2024-09-25T22:13:23","guid":{"rendered":"https:\/\/politicapatagonica.com\/?p=4731"},"modified":"2024-09-26T19:22:32","modified_gmt":"2024-09-26T19:22:32","slug":"rolando-figueroa-es-optimista-por-la-llegada-de-petrobras-a-vaca-muerta","status":"publish","type":"post","link":"https:\/\/politicapatagonica.com\/index.php\/2024\/09\/25\/rolando-figueroa-es-optimista-por-la-llegada-de-petrobras-a-vaca-muerta\/","title":{"rendered":"Rolando Figueroa es optimista por la llegada de Petrobras a Vaca Muerta de Neuqu\u00e9n"},"content":{"rendered":"\n<p>El gobernador\u00a0<strong>Rolando Figueroa<\/strong>, expuso sobre el potencial gas\u00edfero de\u00a0<strong>Vaca Muerta<\/strong>\u00a0en la expo\u00a0<strong>R\u00edo Oil&amp;Gas 2024<\/strong>\u00a0(<strong>ROGe<\/strong>)\u00a0en R\u00edo de Janeiro, Brasil, y se mostr\u00f3\u00a0<strong>optimista sobre la llegada de inversiones de Petrobras<\/strong>\u00a0a la provincia de Neuqu\u00e9n.<\/p>\n\n\n\n<p>En un auditorio con cerca de 200 asistentes, el mandatario provincial&nbsp;<strong>repas\u00f3 el potencial de reservas de la formaci\u00f3n neuquina<\/strong>, con una capacidad para abastecer por seis veces la demanda de Argentina y Chile combinadas, y asegur\u00f3 que hay inter\u00e9s del mercado brasile\u00f1o en utilizar el gas de Vaca Muerta para ampliar su capacidad industrial.<\/p>\n\n\n\n<p>Figueroa se refiri\u00f3 a la necesidad de potenciar la capacidad de transporte y de<strong>&nbsp;pensar en un ducto que conecte a Brasil con Vaca Muerta sin pasar por otros pa\u00edses<\/strong>, como Paraguay, o por la posibilidad de utilizar los ductos ociosos que pasan por Bolivia.<\/p>\n\n\n\n<p>Ante la merma de producci\u00f3n boliviana, Brasil busca potenciales aliados para abastecerse de gas. En el marco de la ROGe, el secretario de Energ\u00eda de Naci\u00f3n,&nbsp;<strong>Eduardo Rodr\u00edguez Chirillo<\/strong>,<strong>&nbsp;se reuni\u00f3 con el embajador<\/strong>&nbsp;y autoridades de Petrobras, por lo que Figueroa se mostr\u00f3 optimista en la posibilidad de convertirse en proveedor de Brasil,<\/p>\n\n\n\n<p><strong>Si bien Figueroa destac\u00f3 esta oportunidad, lanz\u00f3 un fuerte mensaje de defensa de la neuquinidad<\/strong>. Asegur\u00f3 que las compa\u00f1\u00edas que llegan a invertir deben respetar el contenido local.<\/p>\n\n\n\n<p>\u201cCuando Pluspetrol fue a Per\u00fa, tuvo que hacer puentes, escuelas y hospitales\u201d, dijo y agreg\u00f3; \u201cEn Neuqu\u00e9n esa infraestructura la tiene que proveer el Estado\u201d.<\/p>\n\n\n\n<p>El gobernador&nbsp;<strong>asegur\u00f3 que las petroleras pierden 50 millones de d\u00f3lares al a\u00f1o \u201cporque no se ponen de acuerdo por la traza de una ruta&nbsp;<\/strong>que tienen que hacer y que sale 7 millones\u201d.<\/p>\n\n\n\n<p>\u201cHemos contribuido a la sustituci\u00f3n de importaciones en Chile, pero<strong>&nbsp;estamos convencidos de que el gran socio comercial es Brasil.&nbsp;<\/strong>Si no se tiene que ejecutar un ducto espec\u00edfico, ya sea para abastecer a la industria y residencial brasile\u00f1o, se puede pensar en producir gas por cable y exportar energ\u00eda el\u00e9ctrica que perdura en el tiempo\u201d, dijo Figueroa.<\/p>\n\n\n\n<p>Y agreg\u00f3: \u201cTenemos que trabajar de la mano con la industria y lo estamos logrando. Podemos abastecer al Brasil, y con el GNL a Europa, <strong>nosotros bajamos la huella de carbono por un puerto patag\u00f3nico que le ahorra mil millones que iba a gastar si se hac\u00eda en Buenos Aires<\/strong>; otra vez la Patagonia generando plusval\u00eda\u201d.<\/p>\n\n\n\n<h2>Los cuellos de botella de Vaca Muerta<\/h2>\n\n\n\n<p><strong>En el panel participaron referentes de PAE, YPF y Tecpetrol,<\/strong>&nbsp;que destacaron los obst\u00e1culos para crecer y ofrecer lo que pide Brasil, que mencionan como una provisi\u00f3n de gas a largo plazo y a precios competitivos.<\/p>\n\n\n\n<p>En ese sentido,&nbsp;<strong>mencionaron la importancia de ganar en eficiencia, sobre todo por los costos log\u00edsticos<\/strong>&nbsp;que implica, por ejemplo, traer arena de Entre Rios en camiones.<\/p>\n\n\n\n<p>A su vez,<strong> destacaron la necesidad de consolidar la oferta de recursos humanos calificados,<\/strong> ya que muchos profesionales de las nuevas generaciones buscan un equilibrio laboral y personal que no incluye el traslado a los yacimientos, o mudarse lejos de Buenos Aires.<\/p>\n\n\n\n<p>Por otra parte, mencionaron los avances de optimizaci\u00f3n del transporte, a trav\u00e9s de nuevos gasoductos y el proyecto de GNL en Punta Colorada, que podr\u00eda permitir el abastecimiento de gas a Europa y tambi\u00e9n a Brasil, ya que este pa\u00eds se abastece ahora de gas de Estados Unidos mediante el GNL.<\/p>\n\n\n\n<p>\u201cNuestro cuarto pilar es el GNL. Uno de los proyectos m\u00e1s grandes de historia industrial argentina. El gas de Vaca Muerta se trasladar\u00e1 en un ducto de 580 km hasta punta colorada, se sumar\u00e1n dos floating gnl para generar 20 millones de toneladas al a\u00f1o, 30 mil millones de inversi\u00f3n, hasta 2036\u201d, explic\u00f3 Fernanda Rafgio, directora de Upstream de YPF.<\/p>\n\n\n\n<h2>Una apuesta a la reconversi\u00f3n<\/h2>\n\n\n\n<p>Figueroa asegur\u00f3 que los neuquinos ya <strong>piensan en un horizonte despu\u00e9s de monetizar Vaca Muerta<\/strong>. \u201cCuando el gas y el petr\u00f3leo no est\u00e9n, queremos apostar al turismo, a la industria del conocimiento\u201d, dijo,<\/p>\n\n\n\n<p>Por eso, lo acompa\u00f1\u00f3 en su comitiva el intendente&nbsp;<strong>Mariano Gaido<\/strong>, que lleg\u00f3 a R\u00edo de Janeiro para presentar el Polo Cient\u00edfico Tecnol\u00f3gico, con fecha de inauguraci\u00f3n el 23 de octubre.<\/p>\n\n\n\n<p><strong>Gaido asegur\u00f3 que visit\u00f3 la Expo para buscar futuros inversores,<\/strong> que quieran apostar al polo para producir tecnolog\u00eda.<\/p>\n\n\n\n<p>\u201cEmpez\u00f3 siento una propuesta p\u00fablica privada y termin\u00f3 siendo totalmente privada\u201d, destac\u00f3 Figueroa, que valor\u00f3 el desarrollo de Neuqu\u00e9n capital y mencion\u00f3 la importancia de planificar una diversificaci\u00f3n de la matriz productiva con una monetizaci\u00f3n r\u00e1pida del subsuelo \u201cpara que no quede un recurso enterrado\u201d cuando se demanden otras energ\u00edas.<\/p>\n\n\n\n<p><strong>Fuente: www.lmneuquen.com<\/strong><\/p>\n","protected":false},"excerpt":{"rendered":"<p>El gobernador\u00a0Rolando Figueroa, expuso sobre el potencial gas\u00edfero de\u00a0Vaca Muerta\u00a0en la expo\u00a0R\u00edo Oil&amp;Gas 2024\u00a0(ROGe)\u00a0en R\u00edo de Janeiro, Brasil, y se mostr\u00f3\u00a0optimista sobre la llegada de inversiones de Petrobras\u00a0a la provincia de Neuqu\u00e9n. En un auditorio con cerca de 200 asistentes, el mandatario provincial&nbsp;repas\u00f3 el potencial de reservas de la formaci\u00f3n neuquina, con una capacidad para [&hellip;]<\/p>\n","protected":false},"author":5,"featured_media":4732,"comment_status":"open","ping_status":"open","sticky":false,"template":"","format":"standard","meta":[],"categories":[9],"tags":[],"_links":{"self":[{"href":"https:\/\/politicapatagonica.com\/index.php\/wp-json\/wp\/v2\/posts\/4731"}],"collection":[{"href":"https:\/\/politicapatagonica.com\/index.php\/wp-json\/wp\/v2\/posts"}],"about":[{"href":"https:\/\/politicapatagonica.com\/index.php\/wp-json\/wp\/v2\/types\/post"}],"author":[{"embeddable":true,"href":"https:\/\/politicapatagonica.com\/index.php\/wp-json\/wp\/v2\/users\/5"}],"replies":[{"embeddable":true,"href":"https:\/\/politicapatagonica.com\/index.php\/wp-json\/wp\/v2\/comments?post=4731"}],"version-history":[{"count":2,"href":"https:\/\/politicapatagonica.com\/index.php\/wp-json\/wp\/v2\/posts\/4731\/revisions"}],"predecessor-version":[{"id":4743,"href":"https:\/\/politicapatagonica.com\/index.php\/wp-json\/wp\/v2\/posts\/4731\/revisions\/4743"}],"wp:featuredmedia":[{"embeddable":true,"href":"https:\/\/politicapatagonica.com\/index.php\/wp-json\/wp\/v2\/media\/4732"}],"wp:attachment":[{"href":"https:\/\/politicapatagonica.com\/index.php\/wp-json\/wp\/v2\/media?parent=4731"}],"wp:term":[{"taxonomy":"category","embeddable":true,"href":"https:\/\/politicapatagonica.com\/index.php\/wp-json\/wp\/v2\/categories?post=4731"},{"taxonomy":"post_tag","embeddable":true,"href":"https:\/\/politicapatagonica.com\/index.php\/wp-json\/wp\/v2\/tags?post=4731"}],"curies":[{"name":"wp","href":"https:\/\/api.w.org\/{rel}","templated":true}]}}