{"id":4715,"date":"2024-09-23T22:32:28","date_gmt":"2024-09-23T22:32:28","guid":{"rendered":"https:\/\/politicapatagonica.com\/?p=4715"},"modified":"2024-09-24T12:17:19","modified_gmt":"2024-09-24T12:17:19","slug":"oficializan-la-pampa-original-como-la-marca-de-turismo","status":"publish","type":"post","link":"https:\/\/politicapatagonica.com\/index.php\/2024\/09\/23\/oficializan-la-pampa-original-como-la-marca-de-turismo\/","title":{"rendered":"Oficializaron &#8220;La Pampa original&#8221; como la marca de turismo"},"content":{"rendered":"\n<p>La Secretar\u00eda de Turismo estableci\u00f3 que<strong> &#8220;La Pampa original&#8221; es la marca de turismo de la provincia con el objetivo de regularizar y estandarizar la imagen tur\u00edstica<\/strong>. Lo hizo el pasado 12 de septiembre a trav\u00e9s de la Resoluci\u00f3n 97 que fue publicada en el \u00faltimo Bolet\u00edn Oficial.&nbsp;<\/p>\n\n\n\n<p>La marca tur\u00edstica &#8220;La Pampa original&#8221; <strong>se present\u00f3 formalmente a fines del mes de enero del corriente a\u00f1o, con un acto que encabez\u00f3 el gobernador Sergio Ziliotto. <\/strong>Se resalt\u00f3 que esta marca invita a reconectar con los elementos m\u00e1s aut\u00e9nticos, disfrutando de la paz y tranquilidad de los pueblos y lugares ex\u00f3ticos<\/p>\n\n\n\n<p><strong>La resoluci\u00f3n indica que &#8220;el uso de la marca &#8220;La Pampa original&#8221; es de cumplimiento obligatorio para todas las unidades organizativas de la Secretar\u00eda de Turismo, la Reserva Provincial Parque Luro y el Mercado Artesanal&#8221;. &#8220;Cualquier otra persona humana y\/o jur\u00eddica, de derecho p\u00fablico o privado, nacional o extranjera; que desarrolle actividades vinculadas directa o indirectamente al turismo con o sin fines de lucro <\/strong>o para un evento determinado; deber\u00e1 requerir a la Secretar\u00eda de Turismo el otorgamiento de una Autorizaci\u00f3n de uso&#8221;, detalla.<\/p>\n\n\n\n<p><strong>Mapa tur\u00edstico<\/strong><\/p>\n\n\n\n<p>Este mes, la Secretar\u00eda de Turismo finaliz\u00f3 con el relevamiento de todas las localidades de la provincia con el objetivo de crear un mapa tur\u00edstico. &#8220;\u00a1Hemos recorrido las 80 localidades de LaPampaOriginal!&#8221;, informaron. <strong>&#8220;Nuestro equipo t\u00e9cnico finaliz\u00f3 la etapa de relevamiento en toda la provincia de La Pampa, creando un mapa tur\u00edstico integral que refleja los atractivos, servicios y actividades de cada rinc\u00f3n pampeano&#8221;<\/strong>, precisaron.&nbsp;<\/p>\n\n\n\n<p>&#8220;Este proyecto, con la colaboraci\u00f3n de referentes locales, nos permitir\u00e1 ofrecer una herramienta completa para que turistas y pampeanos descubran y revaloricen la riqueza cultural y natural de La Pampa&#8221;, completaron.<\/p>\n\n\n\n<p><strong>El equipo de la Secretar\u00eda junto con referentes tur\u00edsticos locales de cada municipio visitaron lugares de inter\u00e9s tur\u00edstico, hist\u00f3rico y cultural, se releva la infraestructura disponible (alojamientos, gastronom\u00eda, transporte, etc.) y se recopilan datos sobre las actividades y eventos que se desarrollan en la zona.<\/strong><\/p>\n\n\n\n<p><strong>Fuente: www.eldiariodelapampa.com.ar<\/strong><\/p>\n","protected":false},"excerpt":{"rendered":"<p>La Secretar\u00eda de Turismo estableci\u00f3 que &#8220;La Pampa original&#8221; es la marca de turismo de la provincia con el objetivo de regularizar y estandarizar la imagen tur\u00edstica. Lo hizo el pasado 12 de septiembre a trav\u00e9s de la Resoluci\u00f3n 97 que fue publicada en el \u00faltimo Bolet\u00edn Oficial.&nbsp; La marca tur\u00edstica &#8220;La Pampa original&#8221; se [&hellip;]<\/p>\n","protected":false},"author":5,"featured_media":4716,"comment_status":"open","ping_status":"open","sticky":false,"template":"","format":"standard","meta":[],"categories":[10],"tags":[],"_links":{"self":[{"href":"https:\/\/politicapatagonica.com\/index.php\/wp-json\/wp\/v2\/posts\/4715"}],"collection":[{"href":"https:\/\/politicapatagonica.com\/index.php\/wp-json\/wp\/v2\/posts"}],"about":[{"href":"https:\/\/politicapatagonica.com\/index.php\/wp-json\/wp\/v2\/types\/post"}],"author":[{"embeddable":true,"href":"https:\/\/politicapatagonica.com\/index.php\/wp-json\/wp\/v2\/users\/5"}],"replies":[{"embeddable":true,"href":"https:\/\/politicapatagonica.com\/index.php\/wp-json\/wp\/v2\/comments?post=4715"}],"version-history":[{"count":2,"href":"https:\/\/politicapatagonica.com\/index.php\/wp-json\/wp\/v2\/posts\/4715\/revisions"}],"predecessor-version":[{"id":4719,"href":"https:\/\/politicapatagonica.com\/index.php\/wp-json\/wp\/v2\/posts\/4715\/revisions\/4719"}],"wp:featuredmedia":[{"embeddable":true,"href":"https:\/\/politicapatagonica.com\/index.php\/wp-json\/wp\/v2\/media\/4716"}],"wp:attachment":[{"href":"https:\/\/politicapatagonica.com\/index.php\/wp-json\/wp\/v2\/media?parent=4715"}],"wp:term":[{"taxonomy":"category","embeddable":true,"href":"https:\/\/politicapatagonica.com\/index.php\/wp-json\/wp\/v2\/categories?post=4715"},{"taxonomy":"post_tag","embeddable":true,"href":"https:\/\/politicapatagonica.com\/index.php\/wp-json\/wp\/v2\/tags?post=4715"}],"curies":[{"name":"wp","href":"https:\/\/api.w.org\/{rel}","templated":true}]}}