{"id":4712,"date":"2024-09-23T22:28:30","date_gmt":"2024-09-23T22:28:30","guid":{"rendered":"https:\/\/politicapatagonica.com\/?p=4712"},"modified":"2024-09-24T12:19:49","modified_gmt":"2024-09-24T12:19:49","slug":"torres-le-presento-a-la-legislatura-el-proyecto-de-ley-para-la-creacion-del-sistema-integrado-de-salud-sis","status":"publish","type":"post","link":"https:\/\/politicapatagonica.com\/index.php\/2024\/09\/23\/torres-le-presento-a-la-legislatura-el-proyecto-de-ley-para-la-creacion-del-sistema-integrado-de-salud-sis\/","title":{"rendered":"Torres le present\u00f3 a la Legislatura el proyecto de ley para la creaci\u00f3n del Sistema Integrado de Salud"},"content":{"rendered":"\n<p><strong>El gobernador del Chubut, Ignacio &#8220;Nacho&#8221; Torres<\/strong>, le envi\u00f3 a la Legislatura el proyecto de ley, por el cual se busca la creaci\u00f3n&nbsp;del Sistema Integrado de Salud (SIS).<\/p>\n\n\n\n<p>Dicha propuesta&nbsp;<strong>busca optimizar la asignaci\u00f3n de recursos, mejorar la calidad y accesibilidad de los servicios de salud, y garantizar la cobertura<\/strong>&nbsp;para todos los habitantes de la Provincia, en particular aquellos que no cuentan con una cobertura expl\u00edcita de seguridad social.<\/p>\n\n\n\n<p>Asimismo, el Sistema&nbsp;<strong>se propone fomentar una gesti\u00f3n eficiente y transparente, compatible con el marco normativo vigente<\/strong>, a trav\u00e9s de la delegaci\u00f3n de funciones que eviten cualquier conflicto de inter\u00e9s en la administraci\u00f3n conjunta de estos organismos.<\/p>\n\n\n\n<p>Torres&nbsp;se\u00f1al\u00f3 que &#8220;actualmente, la coexistencia de m\u00faltiples actores en el sistema de salud provincial, con&nbsp;<strong>responsabilidades compartidas, pero no coordinadas entre la Secretar\u00eda de Salud y el ISSyS, genera ineficiencias<\/strong>&nbsp;que impactan en la prestaci\u00f3n de servicios, la asignaci\u00f3n de recursos y el acceso oportuno de los ciudadanos a una atenci\u00f3n adecuada&#8221;.<\/p>\n\n\n\n<p>&#8220;El SIS busca resolver estos problemas mediante una gesti\u00f3n integrada y coordinada que elimine la duplicidad de funciones, optimice el uso de los fondos p\u00fablicos y priorice la atenci\u00f3n de quienes no cuentan con cobertura expl\u00edcita de seguridad social&#8221;, explic\u00f3.<\/p>\n\n\n\n<h3><strong>Entre los objetivos centrales del SIS se destacan:<\/strong><\/h3>\n\n\n\n<p>&#8211; Proveer cobertura expl\u00edcita de salud para toda la poblaci\u00f3n sin cobertura social y para los afiliados del ISSyS. Mejorar la eficiencia en la asignaci\u00f3n de recursos y reducir costos innecesarios.<\/p>\n\n\n\n<p>&#8211; Promover la integraci\u00f3n de otras obras sociales y sistemas de seguros dentro del marco del SIS, con vistas a unificar la gesti\u00f3n del sistema sanitario.<\/p>\n\n\n\n<p>&#8211; Fomentar la calidad, accesibilidad y equidad en la prestaci\u00f3n de servicios a trav\u00e9s de&nbsp;la Red Prestadora Integral, conformada por actores p\u00fablicos y privados.<\/p>\n\n\n\n<p>Asimismo, se&nbsp;prev\u00e9 la creaci\u00f3n de un Fondo Permanente para el financiamiento de prestaciones de alta complejidad y eventos catastr\u00f3ficos, con el fin de asegurar la sostenibilidad del sistema en circunstancias excepcionales.<\/p>\n\n\n\n<p>Tambi\u00e9n se contempla que para la Presidencia del Poder Ejecutivo no efect\u00fae una designaci\u00f3n,&nbsp;<strong>las funciones inherentes al Presidente ser\u00e1n cumplidas por el Secretario de Salud de la Provincia (Sergio Wisky)<\/strong>.<\/p>\n\n\n\n<blockquote class=\"wp-block-quote\">\n<h3><strong>&#8220;Por lo tanto, este proyecto no solo propone una mejora estructural en la gesti\u00f3n de los recursos sanitarios de la provincia, sino que tambi\u00e9n asegura que los mismos se distribuyan de manera equitativa y transparente, favoreciendo la salud y el bienestar de todos los chubutenses&#8221;, remarc\u00f3 Torres.<\/strong><\/h3>\n<\/blockquote>\n\n\n\n<p><strong>Fuente: www.elchubut.com.ar<\/strong><\/p>\n","protected":false},"excerpt":{"rendered":"<p>El gobernador del Chubut, Ignacio &#8220;Nacho&#8221; Torres, le envi\u00f3 a la Legislatura el proyecto de ley, por el cual se busca la creaci\u00f3n&nbsp;del Sistema Integrado de Salud (SIS). Dicha propuesta&nbsp;busca optimizar la asignaci\u00f3n de recursos, mejorar la calidad y accesibilidad de los servicios de salud, y garantizar la cobertura&nbsp;para todos los habitantes de la Provincia, [&hellip;]<\/p>\n","protected":false},"author":5,"featured_media":4713,"comment_status":"open","ping_status":"open","sticky":false,"template":"","format":"standard","meta":[],"categories":[14],"tags":[],"_links":{"self":[{"href":"https:\/\/politicapatagonica.com\/index.php\/wp-json\/wp\/v2\/posts\/4712"}],"collection":[{"href":"https:\/\/politicapatagonica.com\/index.php\/wp-json\/wp\/v2\/posts"}],"about":[{"href":"https:\/\/politicapatagonica.com\/index.php\/wp-json\/wp\/v2\/types\/post"}],"author":[{"embeddable":true,"href":"https:\/\/politicapatagonica.com\/index.php\/wp-json\/wp\/v2\/users\/5"}],"replies":[{"embeddable":true,"href":"https:\/\/politicapatagonica.com\/index.php\/wp-json\/wp\/v2\/comments?post=4712"}],"version-history":[{"count":2,"href":"https:\/\/politicapatagonica.com\/index.php\/wp-json\/wp\/v2\/posts\/4712\/revisions"}],"predecessor-version":[{"id":4720,"href":"https:\/\/politicapatagonica.com\/index.php\/wp-json\/wp\/v2\/posts\/4712\/revisions\/4720"}],"wp:featuredmedia":[{"embeddable":true,"href":"https:\/\/politicapatagonica.com\/index.php\/wp-json\/wp\/v2\/media\/4713"}],"wp:attachment":[{"href":"https:\/\/politicapatagonica.com\/index.php\/wp-json\/wp\/v2\/media?parent=4712"}],"wp:term":[{"taxonomy":"category","embeddable":true,"href":"https:\/\/politicapatagonica.com\/index.php\/wp-json\/wp\/v2\/categories?post=4712"},{"taxonomy":"post_tag","embeddable":true,"href":"https:\/\/politicapatagonica.com\/index.php\/wp-json\/wp\/v2\/tags?post=4712"}],"curies":[{"name":"wp","href":"https:\/\/api.w.org\/{rel}","templated":true}]}}