{"id":4705,"date":"2024-09-20T21:45:17","date_gmt":"2024-09-20T21:45:17","guid":{"rendered":"https:\/\/politicapatagonica.com\/?p=4705"},"modified":"2024-09-24T12:24:15","modified_gmt":"2024-09-24T12:24:15","slug":"rolando-figueroa-lanzo-lineas-de-financiamiento-para-la-ganaderia","status":"publish","type":"post","link":"https:\/\/politicapatagonica.com\/index.php\/2024\/09\/20\/rolando-figueroa-lanzo-lineas-de-financiamiento-para-la-ganaderia\/","title":{"rendered":"Rolando Figueroa lanz\u00f3 l\u00edneas de financiamiento por\u00a0$1.000 millones para la ganader\u00eda en Neuqu\u00e9n"},"content":{"rendered":"\n<p>\u201cTenemos que generar la mayor cantidad de valor agregado en la provincia\u201d, asegur\u00f3 este viernes en Zapala el gobernador&nbsp;<strong>Rolando Figueroa<\/strong>, al encabezar el acto de presentaci\u00f3n de dos l\u00edneas de financiamiento por&nbsp;<strong>1.000 millones de pesos<\/strong>&nbsp;para fortalecer a los sectores ganadero y forrajero.<\/p>\n\n\n\n<p>Se trata de una l\u00ednea para la ganader\u00eda -que incluye ovinos, caprinos y bovinos- y la restante para la producci\u00f3n forrajera. El objetivo es&nbsp;<strong>mejorar la eficiencia y rentabilidad&nbsp;<\/strong>de estos sectores, enfoc\u00e1ndose en la sostenibilidad y regeneraci\u00f3n de los suelos. <strong>Cada l\u00ednea cuenta con un cupo de 500 millones de pesos.<\/strong><\/p>\n\n\n\n<p>Destac\u00f3 la necesidad de volcar fondos para \u201cponer en valor\u201d toda la cadena productiva y agreg\u00f3:<strong> \u201cEl valor agregado tiene que quedar ac\u00e1. Ah\u00ed es donde tambi\u00e9n nos comprometemos a invertir\u201d<\/strong>. \u201cTenemos que invertir para poder hilar, tenemos que invertir para poder comercializar\u201d, agreg\u00f3.<\/p>\n\n\n\n<h2>Otros planes<\/h2>\n\n\n\n<p>Inform\u00f3 que a trav\u00e9s de este <strong>nuevo programa de financiamiento se invertir\u00e1n 1.000 millones de pesos y tambi\u00e9n detall\u00f3 otros planes en marcha para fortalecer a la producci\u00f3n.<\/strong> Garantiz\u00f3 que \u201cvamos a seguir poniendo lo que sea necesario\u201d porque el objetivo es \u201corganizarse para poder crecer\u201d.<\/p>\n\n\n\n<p>\u201cEl Estado debe estar mucho m\u00e1s presente\u201d, expres\u00f3 Figueroa y remarc\u00f3 que no s\u00f3lo se trata de \u201cla cuesti\u00f3n productiva\u201d, sino tambi\u00e9n \u201cde otro tipo de necesidades que tiene el productor\u201d. \u201cTenemos que ver qu\u00e9 necesitan en sus hogares tambi\u00e9n para poder vivir mejor\u201d, sostuvo y agreg\u00f3: \u201c<strong>S\u00e9 que el producir tiene una labor y un sacrificio especial\u201d<\/strong>.<\/p>\n\n\n\n<p><strong>\u201cPara que la provincia crezca las alternativas son modernizarnos, generar energ\u00edas alternativas y lugares para poder producir inteligencia artificial y procesamiento de datos, pero lo fundamental es acentuar la producci\u00f3n, sacarle mayor valor agregado, generar mayor cantidad de productores vinculados al turismo, proyectar el turismo de otra manera e invertir en infraestructura\u201d, indic\u00f3.<\/strong><\/p>\n\n\n\n<h2>Monetizar la producci\u00f3n<\/h2>\n\n\n\n<p><strong>\u201cNuestra producci\u00f3n debajo de la tierra la tenemos que sacar y monetizar\u201d<\/strong>, dijo el gobernador y explic\u00f3 que el objetivo es monetizar la producci\u00f3n, transformarla en recursos y volcarla hacia otras actividades. \u201cPara poder sacar ese gas y ese petr\u00f3leo necesitamos que se invierta, que el pa\u00eds funcione y que nosotros podamos monetizar esto\u201d, se\u00f1al\u00f3.<\/p>\n\n\n\n<p>Manifest\u00f3 que cuando se inici\u00f3 su gesti\u00f3n \u201clo primero que ten\u00edamos que hacer era ordenar el Estado\u201d. Explic\u00f3 que <strong>se tomaron una serie de medidas de austeridad como eliminar las jubilaciones de privilegio, reducir la planta pol\u00edtica y \u201csacar \u00f1oquis\u201d. <\/strong>\u201cEste a\u00f1o vamos a terminar ahorrando de estos gastos extraordinarios que exist\u00edan 851 millones de d\u00f3lares\u201d, remarc\u00f3.<\/p>\n\n\n\n<p>\u201cEn las zonas rurales les daban las camionetas alquiladas a todas las comisiones de fomento. Muchas veces no serv\u00edan para lo que se necesitaba. Eran de empresas amigas o veo a algunos ex funcionarios hoy andando parad\u00f3jicamente en esas camionetas. Eso tambi\u00e9n eliminamos\u201d, asever\u00f3.<\/p>\n\n\n\n<p>Inform\u00f3 que entre todas las \u00e1reas que desde el 10 de diciembre dependen de la ministra de Desarrollo Humano, Gobiernos Locales y Mujeres, Julieta Corroza se alquilaban 89 camionetas durante la gesti\u00f3n anterior y ahora son nueve.<\/p>\n\n\n\n<p>Por su parte,<strong> el secretario de Producci\u00f3n e Industria, Juan Pelaez detall\u00f3 una serie de financiamientos que ya present\u00f3 el gobierno provincial y que, junto con los cr\u00e9ditos que se anunciaron hoy, \u201ctienen en com\u00fan ser cr\u00e9ditos blandos, tener una tasa subsidiada, tener plazo de gracia y en definitiva estar apuntando a rentabilizar la actividad\u201d.<\/strong><\/p>\n\n\n\n<p>Destac\u00f3 la \u201cpol\u00edtica crediticia ambiciosa que est\u00e1 presentando el gobierno\u201d y se\u00f1al\u00f3 que se pretende \u201cmejorar la competitividad de las distintas actividades y lograr una rentabilidad de ellas\u201d. \u201c<strong>Tenemos que buscar que no haya un sostenimiento de la actividad a trav\u00e9s de subsidios, a trav\u00e9s de asistencialismo, sino que eso se logre a trav\u00e9s de pol\u00edticas productivas y que tienda a un desarrollo genuino y sostenible en el tiempo\u201d, recalc\u00f3.<\/strong><\/p>\n\n\n\n<p><strong>Fuente: lmneuquen.com<\/strong><\/p>\n","protected":false},"excerpt":{"rendered":"<p>\u201cTenemos que generar la mayor cantidad de valor agregado en la provincia\u201d, asegur\u00f3 este viernes en Zapala el gobernador&nbsp;Rolando Figueroa, al encabezar el acto de presentaci\u00f3n de dos l\u00edneas de financiamiento por&nbsp;1.000 millones de pesos&nbsp;para fortalecer a los sectores ganadero y forrajero. Se trata de una l\u00ednea para la ganader\u00eda -que incluye ovinos, caprinos y [&hellip;]<\/p>\n","protected":false},"author":5,"featured_media":4706,"comment_status":"open","ping_status":"open","sticky":false,"template":"","format":"standard","meta":[],"categories":[9],"tags":[],"_links":{"self":[{"href":"https:\/\/politicapatagonica.com\/index.php\/wp-json\/wp\/v2\/posts\/4705"}],"collection":[{"href":"https:\/\/politicapatagonica.com\/index.php\/wp-json\/wp\/v2\/posts"}],"about":[{"href":"https:\/\/politicapatagonica.com\/index.php\/wp-json\/wp\/v2\/types\/post"}],"author":[{"embeddable":true,"href":"https:\/\/politicapatagonica.com\/index.php\/wp-json\/wp\/v2\/users\/5"}],"replies":[{"embeddable":true,"href":"https:\/\/politicapatagonica.com\/index.php\/wp-json\/wp\/v2\/comments?post=4705"}],"version-history":[{"count":4,"href":"https:\/\/politicapatagonica.com\/index.php\/wp-json\/wp\/v2\/posts\/4705\/revisions"}],"predecessor-version":[{"id":4723,"href":"https:\/\/politicapatagonica.com\/index.php\/wp-json\/wp\/v2\/posts\/4705\/revisions\/4723"}],"wp:featuredmedia":[{"embeddable":true,"href":"https:\/\/politicapatagonica.com\/index.php\/wp-json\/wp\/v2\/media\/4706"}],"wp:attachment":[{"href":"https:\/\/politicapatagonica.com\/index.php\/wp-json\/wp\/v2\/media?parent=4705"}],"wp:term":[{"taxonomy":"category","embeddable":true,"href":"https:\/\/politicapatagonica.com\/index.php\/wp-json\/wp\/v2\/categories?post=4705"},{"taxonomy":"post_tag","embeddable":true,"href":"https:\/\/politicapatagonica.com\/index.php\/wp-json\/wp\/v2\/tags?post=4705"}],"curies":[{"name":"wp","href":"https:\/\/api.w.org\/{rel}","templated":true}]}}