{"id":4696,"date":"2024-09-19T22:08:10","date_gmt":"2024-09-19T22:08:10","guid":{"rendered":"https:\/\/politicapatagonica.com\/?p=4696"},"modified":"2024-09-19T22:08:10","modified_gmt":"2024-09-19T22:08:10","slug":"buscan-prohibir-el-cobro-de-tasas-en-servicios-en-rio-negro","status":"publish","type":"post","link":"https:\/\/politicapatagonica.com\/index.php\/2024\/09\/19\/buscan-prohibir-el-cobro-de-tasas-en-servicios-en-rio-negro\/","title":{"rendered":"Buscan prohibir el cobro de tasas en servicios en R\u00edo Negro"},"content":{"rendered":"\n<p><strong>En sinton\u00eda con la resoluci\u00f3n del gobierno nacional, los legisladores Patricia Mc Kidd, Santiago Ibarrolaza y C\u00e9sar Dom\u00ednguez presentaron un proyecto de ley para que en R\u00edo Negro no se puedan cobrar impuestos municipales en las facturas de servicios p\u00fablicos, en busca de un marco legal provincial de aplicaci\u00f3n para la Resoluci\u00f3n 267\/2024 del Ministerio de Econom\u00eda.<\/strong><\/p>\n\n\n\n<p>\u201cActualmente, <strong>la inclusi\u00f3n de tasas municipales en las facturas de servicios p\u00fablicos esenciales genera confusi\u00f3n entre los usuarios, quienes no siempre tienen claro qu\u00e9 concepto est\u00e1n abonando Esta ley pretende garantizar facturas m\u00e1s simples, donde cada cargo sea comprensible y atribuible a la entidad correspondiente<\/strong>\u201d, indic\u00f3 Ibarrolaza. \u201cEsta ley no pretende limitar la capacidad de los municipios de recaudar ingresos, sino separar claramente los conceptos que deben ser cubiertos por el ciudadano\u201d, agreg\u00f3.<\/p>\n\n\n\n<p><strong>El proyecto de ley propone textualmente \u201cprohibir la inclusi\u00f3n de cualquier tipo de tasa, impuesto o contribuci\u00f3n Municipal en las facturas emitidas por prestaci\u00f3n de servicios esenciales tales como electricidad, agua, gas natural , en todo el territorio de la Provincia de Rio Negro\u201d.<\/strong><\/p>\n\n\n\n<p>Dominguez explic\u00f3 que \u201cel objetivo del proyecto es que el esp\u00edritu de la resoluci\u00f3n del gobierno nacional se pueda aplicar en toda la provincia, por eso creamos esta propuesta de ley. Nos parece muy acertado que se aplique blanco sobre negro en materia del cobro de servicios. <strong>Al ser una ley provincial, no hay grises ni escaparates para que algunos municipios puedan obviar esta medida\u201d.<\/strong><\/p>\n\n\n\n<p>El proyecto ya se encuentra ingresado en la legislatura a la espera de su tratamiento.<\/p>\n\n\n\n<p><strong>Fuente: www.adnrionegro.com.ar<\/strong><\/p>\n","protected":false},"excerpt":{"rendered":"<p>En sinton\u00eda con la resoluci\u00f3n del gobierno nacional, los legisladores Patricia Mc Kidd, Santiago Ibarrolaza y C\u00e9sar Dom\u00ednguez presentaron un proyecto de ley para que en R\u00edo Negro no se puedan cobrar impuestos municipales en las facturas de servicios p\u00fablicos, en busca de un marco legal provincial de aplicaci\u00f3n para la Resoluci\u00f3n 267\/2024 del Ministerio [&hellip;]<\/p>\n","protected":false},"author":5,"featured_media":4697,"comment_status":"open","ping_status":"open","sticky":false,"template":"","format":"standard","meta":[],"categories":[13],"tags":[],"_links":{"self":[{"href":"https:\/\/politicapatagonica.com\/index.php\/wp-json\/wp\/v2\/posts\/4696"}],"collection":[{"href":"https:\/\/politicapatagonica.com\/index.php\/wp-json\/wp\/v2\/posts"}],"about":[{"href":"https:\/\/politicapatagonica.com\/index.php\/wp-json\/wp\/v2\/types\/post"}],"author":[{"embeddable":true,"href":"https:\/\/politicapatagonica.com\/index.php\/wp-json\/wp\/v2\/users\/5"}],"replies":[{"embeddable":true,"href":"https:\/\/politicapatagonica.com\/index.php\/wp-json\/wp\/v2\/comments?post=4696"}],"version-history":[{"count":1,"href":"https:\/\/politicapatagonica.com\/index.php\/wp-json\/wp\/v2\/posts\/4696\/revisions"}],"predecessor-version":[{"id":4698,"href":"https:\/\/politicapatagonica.com\/index.php\/wp-json\/wp\/v2\/posts\/4696\/revisions\/4698"}],"wp:featuredmedia":[{"embeddable":true,"href":"https:\/\/politicapatagonica.com\/index.php\/wp-json\/wp\/v2\/media\/4697"}],"wp:attachment":[{"href":"https:\/\/politicapatagonica.com\/index.php\/wp-json\/wp\/v2\/media?parent=4696"}],"wp:term":[{"taxonomy":"category","embeddable":true,"href":"https:\/\/politicapatagonica.com\/index.php\/wp-json\/wp\/v2\/categories?post=4696"},{"taxonomy":"post_tag","embeddable":true,"href":"https:\/\/politicapatagonica.com\/index.php\/wp-json\/wp\/v2\/tags?post=4696"}],"curies":[{"name":"wp","href":"https:\/\/api.w.org\/{rel}","templated":true}]}}