{"id":4676,"date":"2024-09-18T19:25:05","date_gmt":"2024-09-18T19:25:05","guid":{"rendered":"https:\/\/politicapatagonica.com\/?p=4676"},"modified":"2024-09-18T20:38:51","modified_gmt":"2024-09-18T20:38:51","slug":"con-la-presencia-de-ardohain-milei-reunio-a-los-diputados-que-apoyaron-el-veto-a-la-reforma-jubilatoria","status":"publish","type":"post","link":"https:\/\/politicapatagonica.com\/index.php\/2024\/09\/18\/con-la-presencia-de-ardohain-milei-reunio-a-los-diputados-que-apoyaron-el-veto-a-la-reforma-jubilatoria\/","title":{"rendered":"Con la presencia de Ardohain, Milei reuni\u00f3 a los diputados que apoyaron el veto a la reforma jubilatoria"},"content":{"rendered":"\n<p><strong>Menos de una semana despu\u00e9s de que Diputados respaldara el veto que fren\u00f3 el aumento a las jubilaciones, el presidente Javier Milei recibi\u00f3 en la Quinta de Olivos a los &#8220;87 h\u00e9roes&#8221; -como \u00e9l mismo calific\u00f3- que votaron a favor de su decisi\u00f3n<\/strong>, y agradecerles personalmente su apoyo, en lo que fue un nuevo gesto de acercamiento a la oposici\u00f3n dialoguista.&nbsp;<strong>Del encuentro particip\u00f3 el pampeano Mart\u00edn Ardohain, diputado nacional del PRO.<\/strong><\/p>\n\n\n\n<p><strong>Los comensales se sentaron a lo largo de una gran mesa en forma de &#8220;u&#8221;, con el jefe de Estado a la cabeza, escoltado por su secretaria general, Karina Milei<\/strong>; el titular de la C\u00e1mara baja, Mart\u00edn Menem, y el vocero presidencial, Manuel Adorni, a su izquierda, y el jefe de Gabinete, Guillermo Francos; el asesor Santiago Caputo y la ministra de Seguridad, Patricia Bullrich, a su derecha.<\/p>\n\n\n\n<p>Fuentes cercanas al l\u00edder libertario precisaron que durante el encuentro el mandatario nacional brind\u00f3 &#8220;una charla motivacional&#8221; a los dirigentes de los distintos partidos, para que &#8220;se sientan parte&#8221; del triunfo del oficialismo en el Congreso.<\/p>\n\n\n\n<p>Si bien hubo algunas botellas de vino circulando, la mayor\u00eda de los presentes optaron por beber agua o gaseosa para acompa\u00f1ar la comida, que consisti\u00f3 en una entrada de achuras, con chorizo, morcilla y chinchulines, y un plato principal de asado y vac\u00edo. De postre hubo mouse de chocolate.<\/p>\n\n\n\n<p><strong>&#8220;Sigamos trabajando todos juntos, como lo vinimos haciendo hasta ahora. Juntos podemos hacer un scrum (formaci\u00f3n en el rugby en el que los jugadores se juntan para disputar la pelota) par bloquear los intentos de desestabilizar la econom\u00eda&#8221;, expres\u00f3 el Presidente, en su breve discurso, de menos de cinco minutos.<\/strong><\/p>\n\n\n\n<p><strong>Reci\u00e9n pasadas las 23:20 termin\u00f3 el encuentro<\/strong> y los diputados comenzaron a abandonar el predio, tras haber escuchado las palabras de Milei, que les agradeci\u00f3 la ayuda a nivel parlamentario y les pidi\u00f3 continuar con la sinton\u00eda legislativa.<\/p>\n\n\n\n<p>Milei se retir\u00f3 este martes de la Casa Rosada pasadas las 15:30 para dirigirse a la Quinta de Olivos, donde a partir de las 20:00 comenz\u00f3 a recibir a los legisladores, mayoritariamente del PRO, de La Libertad Avanza y del Movimiento de Integraci\u00f3n y Desarrollo (MID), que encabeza Oscar Zago.<\/p>\n\n\n\n<p>En el <strong>radicalismo<\/strong>, en tanto, continu\u00f3 la divisi\u00f3n, ya que de los cinco diputados que acompa\u00f1aron el veto de Milei, y que previamente se hab\u00edan fotografiado con \u00e9l en Balcarce 50, solamente uno de ellos<strong> asisti\u00f3 a la comida, el tucumano Mariano Campero.<\/strong><\/p>\n\n\n\n<p>Por su parte, Mart\u00edn Arjol se ausent\u00f3 para poder defenderse en la reuni\u00f3n del bloque que se llev\u00f3 adelante esta misma noche, en la que se analiz\u00f3 el futuro de estos dirigentes; Luis Picat tuvo un problema familiar; Pablo Cervi prefiri\u00f3 no ir y el correntino Jos\u00e9 Tournier, se encontraba lejos de Buenos Aires, en Goya, su ciudad natal.<\/p>\n\n\n\n<p><strong>La cena se dio en el marco de las expectativas por una posible alianza entre La Libertad Avanza, el PRO y el resto de los espacios alineados con el Gobierno<\/strong>, de cara a las elecciones del pr\u00f3ximo a\u00f1o, que podr\u00eda comenzar con el trabajo coordinado a nivel parlamentario.<\/p>\n\n\n\n<p>Las invitaciones fueron giradas por la secretaria general de la Presidencia, quien particip\u00f3 del asado, acompa\u00f1ada por su subsecretario de Gesti\u00f3n Institucional, Eduardo &#8220;Lule&#8221; Menem, y el titular de la C\u00e1mara baja, Martin Menem, con quienes tiene fuerte v\u00ednculo.<\/p>\n\n\n\n<p><strong>Fuente: www.eldiariodelapampa.com.ar<\/strong><\/p>\n","protected":false},"excerpt":{"rendered":"<p>Menos de una semana despu\u00e9s de que Diputados respaldara el veto que fren\u00f3 el aumento a las jubilaciones, el presidente Javier Milei recibi\u00f3 en la Quinta de Olivos a los &#8220;87 h\u00e9roes&#8221; -como \u00e9l mismo calific\u00f3- que votaron a favor de su decisi\u00f3n, y agradecerles personalmente su apoyo, en lo que fue un nuevo gesto [&hellip;]<\/p>\n","protected":false},"author":5,"featured_media":4677,"comment_status":"open","ping_status":"open","sticky":false,"template":"","format":"standard","meta":[],"categories":[10],"tags":[],"_links":{"self":[{"href":"https:\/\/politicapatagonica.com\/index.php\/wp-json\/wp\/v2\/posts\/4676"}],"collection":[{"href":"https:\/\/politicapatagonica.com\/index.php\/wp-json\/wp\/v2\/posts"}],"about":[{"href":"https:\/\/politicapatagonica.com\/index.php\/wp-json\/wp\/v2\/types\/post"}],"author":[{"embeddable":true,"href":"https:\/\/politicapatagonica.com\/index.php\/wp-json\/wp\/v2\/users\/5"}],"replies":[{"embeddable":true,"href":"https:\/\/politicapatagonica.com\/index.php\/wp-json\/wp\/v2\/comments?post=4676"}],"version-history":[{"count":2,"href":"https:\/\/politicapatagonica.com\/index.php\/wp-json\/wp\/v2\/posts\/4676\/revisions"}],"predecessor-version":[{"id":4679,"href":"https:\/\/politicapatagonica.com\/index.php\/wp-json\/wp\/v2\/posts\/4676\/revisions\/4679"}],"wp:featuredmedia":[{"embeddable":true,"href":"https:\/\/politicapatagonica.com\/index.php\/wp-json\/wp\/v2\/media\/4677"}],"wp:attachment":[{"href":"https:\/\/politicapatagonica.com\/index.php\/wp-json\/wp\/v2\/media?parent=4676"}],"wp:term":[{"taxonomy":"category","embeddable":true,"href":"https:\/\/politicapatagonica.com\/index.php\/wp-json\/wp\/v2\/categories?post=4676"},{"taxonomy":"post_tag","embeddable":true,"href":"https:\/\/politicapatagonica.com\/index.php\/wp-json\/wp\/v2\/tags?post=4676"}],"curies":[{"name":"wp","href":"https:\/\/api.w.org\/{rel}","templated":true}]}}