{"id":4378,"date":"2024-08-07T21:35:20","date_gmt":"2024-08-07T21:35:20","guid":{"rendered":"https:\/\/politicapatagonica.com\/?p=4378"},"modified":"2024-08-08T23:21:13","modified_gmt":"2024-08-08T23:21:13","slug":"torres-chubut-esta-preparada-para-trabajar-en-conjunto-con-rio-negro","status":"publish","type":"post","link":"https:\/\/politicapatagonica.com\/index.php\/2024\/08\/07\/torres-chubut-esta-preparada-para-trabajar-en-conjunto-con-rio-negro\/","title":{"rendered":"Nacho Torres dijo que &#8220;Chubut est\u00e1 preparada para trabajar en conjunto con R\u00edo Negro\u201d"},"content":{"rendered":"\n<p>El gobernador de Chubut <strong>Nacho Torres se reunir\u00e1 con el gobernador de Rio Negro, Alberto Weretilneck. <\/strong>Entre otros temas, por <strong>la construcci\u00f3n de la planta de licuefacci\u00f3n para exportar Gas Natural Licuado (GNL) que se construir\u00e1 en esa provincia.<\/strong><\/p>\n\n\n\n<p>Chubut, a esta gran obra que se proyecta en<strong> Sierra Grande,<\/strong> podr\u00eda aportar \u201cservicios y log\u00edstica, es una obra muy importante y nosotros podemos apalancarnos en esa misma obra con el lock out que <strong>tenemos en nuestro puerto de Puerto Madryn y tambi\u00e9n con la industria metalmec\u00e1nica<\/strong>. Es mucho el trabajo que se va a generar y la provincia est\u00e1 preparada para en conjunto con Rio Negro, abordarlo cuanto antes. Entiendo que a mediados del a\u00f1o que viene va a ser cuando arranque la obra civil\u201d, dijo Torres.<\/p>\n\n\n\n<p>Entre otros temas, se reunir\u00e1 con Weretilneck en el marco de distintos compromisos que \u201ctenemos como regi\u00f3n patag\u00f3nica y tambi\u00e9n<strong> algunos proyectos de Ley que se van a elevar al Congreso Nacional que los queremos empujar en conjunto para tener el volumen necesario y avanzar<\/strong>, hay decisiones muy importantes que se vienen con la premisa de tener m\u00e1s federalismo y una matriz fiscal m\u00e1s justa, cosa que no estar\u00eda pasando\u201d.<\/p>\n\n\n\n<p>Por otra parte,<strong> <\/strong>el mandatario provincial hizo referencia a los recursos que aporta Chubut al pa\u00eds y \u201ceso<strong> no se ve reflejado ni en obras nacionales relevantes y tampoco en una devoluci\u00f3n de ese esfuerzo de nuestros contribuyentes en materia de coparticipaci\u00f3n federal<\/strong>; eso es injusto y si bien esta judicializado, queremos avanzar en una ley que lo corrija\u201d, sentenci\u00f3 el gobernador.<\/p>\n\n\n\n<h5><strong>Fuente: www.diariojornada.com.ar<\/strong><\/h5>\n","protected":false},"excerpt":{"rendered":"<p>El gobernador de Chubut Nacho Torres se reunir\u00e1 con el gobernador de Rio Negro, Alberto Weretilneck. Entre otros temas, por la construcci\u00f3n de la planta de licuefacci\u00f3n para exportar Gas Natural Licuado (GNL) que se construir\u00e1 en esa provincia. Chubut, a esta gran obra que se proyecta en Sierra Grande, podr\u00eda aportar \u201cservicios y log\u00edstica, [&hellip;]<\/p>\n","protected":false},"author":5,"featured_media":4379,"comment_status":"open","ping_status":"open","sticky":false,"template":"","format":"standard","meta":[],"categories":[14],"tags":[],"_links":{"self":[{"href":"https:\/\/politicapatagonica.com\/index.php\/wp-json\/wp\/v2\/posts\/4378"}],"collection":[{"href":"https:\/\/politicapatagonica.com\/index.php\/wp-json\/wp\/v2\/posts"}],"about":[{"href":"https:\/\/politicapatagonica.com\/index.php\/wp-json\/wp\/v2\/types\/post"}],"author":[{"embeddable":true,"href":"https:\/\/politicapatagonica.com\/index.php\/wp-json\/wp\/v2\/users\/5"}],"replies":[{"embeddable":true,"href":"https:\/\/politicapatagonica.com\/index.php\/wp-json\/wp\/v2\/comments?post=4378"}],"version-history":[{"count":3,"href":"https:\/\/politicapatagonica.com\/index.php\/wp-json\/wp\/v2\/posts\/4378\/revisions"}],"predecessor-version":[{"id":4394,"href":"https:\/\/politicapatagonica.com\/index.php\/wp-json\/wp\/v2\/posts\/4378\/revisions\/4394"}],"wp:featuredmedia":[{"embeddable":true,"href":"https:\/\/politicapatagonica.com\/index.php\/wp-json\/wp\/v2\/media\/4379"}],"wp:attachment":[{"href":"https:\/\/politicapatagonica.com\/index.php\/wp-json\/wp\/v2\/media?parent=4378"}],"wp:term":[{"taxonomy":"category","embeddable":true,"href":"https:\/\/politicapatagonica.com\/index.php\/wp-json\/wp\/v2\/categories?post=4378"},{"taxonomy":"post_tag","embeddable":true,"href":"https:\/\/politicapatagonica.com\/index.php\/wp-json\/wp\/v2\/tags?post=4378"}],"curies":[{"name":"wp","href":"https:\/\/api.w.org\/{rel}","templated":true}]}}