{"id":4373,"date":"2024-08-07T21:22:51","date_gmt":"2024-08-07T21:22:51","guid":{"rendered":"https:\/\/politicapatagonica.com\/?p=4373"},"modified":"2024-08-07T21:23:18","modified_gmt":"2024-08-07T21:23:18","slug":"el-gobierno-provincial-se-reunio-con-frigorificos-para-preservar-las-fuentes-de-trabajo","status":"publish","type":"post","link":"https:\/\/politicapatagonica.com\/index.php\/2024\/08\/07\/el-gobierno-provincial-se-reunio-con-frigorificos-para-preservar-las-fuentes-de-trabajo\/","title":{"rendered":"El gobierno provincial se reuni\u00f3 con frigor\u00edficos para preservar las fuentes de trabajo"},"content":{"rendered":"\n<p><strong>Atento a la crisis que sufre el sector por la ca\u00edda en el consumo, derivada de la pol\u00edtica del Gobierno nacional, funcionarios de la Secretar\u00eda de Trabajo y Promoci\u00f3n del Empleo provincial tuvieron un productivo encuentro con empresarios de la industria frigor\u00edfica.\u00a0<\/strong><\/p>\n\n\n\n<p>La Secretar\u00eda de Trabajo y Promoci\u00f3n del Empleo particip\u00f3 de una reuni\u00f3n con referentes de la industria frigor\u00edfica de La Pampa para <strong>abordar tem\u00e1ticas inherentes al sector y al proceso de reestructuraci\u00f3n econ\u00f3mica <\/strong>que atraviesan, con la mirada puesta en el mantenimiento de las fuentes de trabajo del sector.<\/p>\n\n\n\n<p>El encuentro tuvo lugar en la Secretar\u00eda de Trabajo y cont\u00f3 con la participaci\u00f3n del secretario de Trabajo,<strong> Marcelo Pedehonta\u00e1<\/strong>, el subsecretario de Empleo, <strong>Daniel Decrist\u00f3fano<\/strong> y la subsecretaria de Relaciones Laborales, <strong>Ana Rodr\u00edguez<\/strong>, en<strong> representaci\u00f3n del Gobierno pampeano.<\/strong> <strong>Por parte del sector privado asistieron directivos de carnes pampeanas, frigor\u00edfico Pilotti, La An\u00f3nima, frigor\u00edfico Pico y Bernasconi.<\/strong><\/p>\n\n\n\n<p>En el encuentro hubo un importante intercambio de informaci\u00f3n en el que se expuso la situaci\u00f3n de las empresas y el sector en su conjunto, al mismo tiempo que se <strong>dej\u00f3 expresa la necesidad de mantener un di\u00e1logo fluido y abierto.<\/strong><\/p>\n\n\n\n<p>Desde la cartera laboral indicaron que los empresarios solicitaron asistencia para la implementaci\u00f3n de capacitaciones y herramientas que permitan paliar la dif\u00edcil situaci\u00f3n econ\u00f3mica que atraviesan.<\/p>\n\n\n\n<p><strong>&#8220;La industria frigor\u00edfica est\u00e1 experimentando un complejo trance producto de la merma del consumo interno, diferencias del tipo de cambio y altas subas de los servicios b\u00e1sicos&#8221;,<\/strong> aseguraron los funcionarios tras la reuni\u00f3n en alusi\u00f3n a las medidas del Gobierno nacional que pusieron en jaque al sector.\u00a0<\/p>\n\n\n\n<p>Daniel Decrist\u00f3fano destac\u00f3 la importancia del encuentro y sostuvo que<strong> &#8220;hay un fuerte compromiso por parte del Gobierno de la Provincia para dinamizar la actividad y por sobre todas las cosas, preservar las fuentes de trabajo&#8221;.<\/strong><\/p>\n\n\n\n<p>&#8220;Entendemos que a la compleja situaci\u00f3n econ\u00f3mica se le suma el factor clim\u00e1tico. Falta agua y la feroz sequ\u00eda que sufren algunos departamentos de la Provincia hace que los productores se vean imposibilitados de garantizar el engorde animal para su posterior faena en plantas frigor\u00edficas. <strong>Es una situaci\u00f3n cr\u00edtica<\/strong>&#8220;, advirti\u00f3 el funcionario.<\/p>\n\n\n\n<p><strong>Fuente: eldiariodelapampa.com.ar<\/strong><\/p>\n","protected":false},"excerpt":{"rendered":"<p>Atento a la crisis que sufre el sector por la ca\u00edda en el consumo, derivada de la pol\u00edtica del Gobierno nacional, funcionarios de la Secretar\u00eda de Trabajo y Promoci\u00f3n del Empleo provincial tuvieron un productivo encuentro con empresarios de la industria frigor\u00edfica.\u00a0 La Secretar\u00eda de Trabajo y Promoci\u00f3n del Empleo particip\u00f3 de una reuni\u00f3n con [&hellip;]<\/p>\n","protected":false},"author":5,"featured_media":4374,"comment_status":"open","ping_status":"open","sticky":false,"template":"","format":"standard","meta":[],"categories":[10],"tags":[],"_links":{"self":[{"href":"https:\/\/politicapatagonica.com\/index.php\/wp-json\/wp\/v2\/posts\/4373"}],"collection":[{"href":"https:\/\/politicapatagonica.com\/index.php\/wp-json\/wp\/v2\/posts"}],"about":[{"href":"https:\/\/politicapatagonica.com\/index.php\/wp-json\/wp\/v2\/types\/post"}],"author":[{"embeddable":true,"href":"https:\/\/politicapatagonica.com\/index.php\/wp-json\/wp\/v2\/users\/5"}],"replies":[{"embeddable":true,"href":"https:\/\/politicapatagonica.com\/index.php\/wp-json\/wp\/v2\/comments?post=4373"}],"version-history":[{"count":2,"href":"https:\/\/politicapatagonica.com\/index.php\/wp-json\/wp\/v2\/posts\/4373\/revisions"}],"predecessor-version":[{"id":4376,"href":"https:\/\/politicapatagonica.com\/index.php\/wp-json\/wp\/v2\/posts\/4373\/revisions\/4376"}],"wp:featuredmedia":[{"embeddable":true,"href":"https:\/\/politicapatagonica.com\/index.php\/wp-json\/wp\/v2\/media\/4374"}],"wp:attachment":[{"href":"https:\/\/politicapatagonica.com\/index.php\/wp-json\/wp\/v2\/media?parent=4373"}],"wp:term":[{"taxonomy":"category","embeddable":true,"href":"https:\/\/politicapatagonica.com\/index.php\/wp-json\/wp\/v2\/categories?post=4373"},{"taxonomy":"post_tag","embeddable":true,"href":"https:\/\/politicapatagonica.com\/index.php\/wp-json\/wp\/v2\/tags?post=4373"}],"curies":[{"name":"wp","href":"https:\/\/api.w.org\/{rel}","templated":true}]}}