{"id":4369,"date":"2024-08-06T22:41:03","date_gmt":"2024-08-06T22:41:03","guid":{"rendered":"https:\/\/politicapatagonica.com\/?p=4369"},"modified":"2024-08-06T22:41:04","modified_gmt":"2024-08-06T22:41:04","slug":"el-pro-y-republicanos-sellarian-una-alianza-para-las-elecciones-a-convencionales-en-tierra-del-fuego","status":"publish","type":"post","link":"https:\/\/politicapatagonica.com\/index.php\/2024\/08\/06\/el-pro-y-republicanos-sellarian-una-alianza-para-las-elecciones-a-convencionales-en-tierra-del-fuego\/","title":{"rendered":"El PRO y Republicanos sellar\u00edan una alianza para las elecciones a convencionales en Tierra del Fuego"},"content":{"rendered":"\n<p>La concejal de Ushuaia\u00a0<strong>Bel\u00e9n Monte de Oca<\/strong>\u00a0(JxC)\u00a0adelant\u00f3 que podr\u00eda llevarse a cabo una alianza\u00a0entre el PRO y Republicanos TDF, de cara a las elecciones para convencionales constituyentes que se realizar\u00e1n el 10 de noviembre en Tierra del Fuego.<\/p>\n\n\n\n<p>La edil explic\u00f3 que, a partir de\u00a0su v\u00ednculo con el<strong> legislador provincial Agust\u00edn\u00a0Coto <\/strong>(Republicanos) tanto en lo personal como en lo pol\u00edtico surgi\u00f3 la posibilidad de participar de la contienda y presentar candidatos bajo una misma lista, de cara a la reforma constitucional.<\/p>\n\n\n\n<p>\u201c<strong>Estuvimos conversando sobre esta posibilidad de tener una lista \u00fanica, que es un poco lo que est\u00e1 pasando a nivel nacional con el PRO y La Libertad Avanza.\u00a0<\/strong>Quiz\u00e1s replicar en Tierra del Fuego esto que se viene dando a nivel nacional en las C\u00e1maras de Diputados y Senadores, y creo que ser\u00eda una linda propuesta para la provincia cuando lo cierto es que tenemos bastante m\u00e1s similitudes que diferencias\u201d.<\/p>\n\n\n\n<p>No obstante,<strong> Monte de Oca aclar\u00f3 que \u201cno tenemos un gran conocimiento de lo que se quiere hacer con la reforma de la Constituci\u00f3n\u201d<\/strong>, aunque insisti\u00f3 en que contin\u00faan las conversaciones entre ambos bloques para aprovechar una \u201clinda oportunidad\u201d.<\/p>\n\n\n\n<p>\u201cLa vocaci\u00f3n como abogada y legisladora de la ciudad la tengo, y primero como fueguina.\u00a0<strong>Poder dejar una huella en nuestra Constituci\u00f3n y pensar una Constituci\u00f3n joven con ideas nuevas, renovadoras y dem\u00e1s, siempre es una linda propuesta.<\/strong>\u00a0As\u00ed que bueno, independientemente de que lo seguimos conversando y que creo que deben haber otras conversaciones ser\u00eda una linda propuesta participar\u201d, sostuvo.<\/p>\n\n\n\n<p><strong>Fuente: www.infofueguina.com<\/strong><\/p>\n","protected":false},"excerpt":{"rendered":"<p>La concejal de Ushuaia\u00a0Bel\u00e9n Monte de Oca\u00a0(JxC)\u00a0adelant\u00f3 que podr\u00eda llevarse a cabo una alianza\u00a0entre el PRO y Republicanos TDF, de cara a las elecciones para convencionales constituyentes que se realizar\u00e1n el 10 de noviembre en Tierra del Fuego. La edil explic\u00f3 que, a partir de\u00a0su v\u00ednculo con el legislador provincial Agust\u00edn\u00a0Coto (Republicanos) tanto en lo [&hellip;]<\/p>\n","protected":false},"author":5,"featured_media":4370,"comment_status":"open","ping_status":"open","sticky":false,"template":"","format":"standard","meta":[],"categories":[11],"tags":[],"_links":{"self":[{"href":"https:\/\/politicapatagonica.com\/index.php\/wp-json\/wp\/v2\/posts\/4369"}],"collection":[{"href":"https:\/\/politicapatagonica.com\/index.php\/wp-json\/wp\/v2\/posts"}],"about":[{"href":"https:\/\/politicapatagonica.com\/index.php\/wp-json\/wp\/v2\/types\/post"}],"author":[{"embeddable":true,"href":"https:\/\/politicapatagonica.com\/index.php\/wp-json\/wp\/v2\/users\/5"}],"replies":[{"embeddable":true,"href":"https:\/\/politicapatagonica.com\/index.php\/wp-json\/wp\/v2\/comments?post=4369"}],"version-history":[{"count":1,"href":"https:\/\/politicapatagonica.com\/index.php\/wp-json\/wp\/v2\/posts\/4369\/revisions"}],"predecessor-version":[{"id":4371,"href":"https:\/\/politicapatagonica.com\/index.php\/wp-json\/wp\/v2\/posts\/4369\/revisions\/4371"}],"wp:featuredmedia":[{"embeddable":true,"href":"https:\/\/politicapatagonica.com\/index.php\/wp-json\/wp\/v2\/media\/4370"}],"wp:attachment":[{"href":"https:\/\/politicapatagonica.com\/index.php\/wp-json\/wp\/v2\/media?parent=4369"}],"wp:term":[{"taxonomy":"category","embeddable":true,"href":"https:\/\/politicapatagonica.com\/index.php\/wp-json\/wp\/v2\/categories?post=4369"},{"taxonomy":"post_tag","embeddable":true,"href":"https:\/\/politicapatagonica.com\/index.php\/wp-json\/wp\/v2\/tags?post=4369"}],"curies":[{"name":"wp","href":"https:\/\/api.w.org\/{rel}","templated":true}]}}