{"id":4358,"date":"2024-08-05T23:18:15","date_gmt":"2024-08-05T23:18:15","guid":{"rendered":"https:\/\/politicapatagonica.com\/?p=4358"},"modified":"2024-08-06T11:42:45","modified_gmt":"2024-08-06T11:42:45","slug":"el-pro-quiere-consolidar-la-madurez-del-espacio","status":"publish","type":"post","link":"https:\/\/politicapatagonica.com\/index.php\/2024\/08\/05\/el-pro-quiere-consolidar-la-madurez-del-espacio\/","title":{"rendered":"El PRO quiere &#8220;consolidar la madurez del espacio&#8221;, seg\u00fan dijo Mauricio Macri en La Pampa"},"content":{"rendered":"\n<p><strong>Mauricio Macri volvi\u00f3 a la cancha<\/strong>. Despu\u00e9s de la pelea con Patricia Bullrich y tras quedarse con la presidencia del PRO, encabez\u00f3 el pasado jueves un encuentro con mil invitados donde relanz\u00f3 el espacio pol\u00edtico que cre\u00f3 hace dos d\u00e9cadas y plante\u00f3 la estrategia del partido a futuro.<\/p>\n\n\n\n<p>El diputado provincial Enrique Juan particip\u00f3 del encuentro junto a otros legisladores y plante\u00f3 que el desaf\u00edo del PRO en La Pampa es<strong> &#8220;consolidar la maduraci\u00f3n en el crecimiento del espacio&#8221;<\/strong> y que analizar\u00e1n &#8220;m\u00e1s adelante&#8221; una posible alianza con la Libertad Avanza.<\/p>\n\n\n\n<p>&#8220;<strong>C\u00f3mo ingeniero Mauricio es defensor de los m\u00e9todos y los equipos para generar cambios rigurosos que puedan sostenerse en el tiempo. Por eso los planteos que \u00e9l nos transmiti\u00f3 <\/strong>que le hab\u00eda dicho al presidente iban en ese sentido por la experiencia y el aprendizaje obtenido en su gesti\u00f3n&#8221;.&nbsp;<\/p>\n\n\n\n<p>&#8220;Con el respaldo y la certeza de haber aportado a la Argentina sensatez l\u00f3gica,&nbsp;<strong>buscando modernizar el estado, garantizar las reglas y la justicia, la libre econom\u00eda sin descuidar la salud y haciendo foco en la educaci\u00f3n<\/strong>, esto que le dio un respeto en el mundo&#8221;, agreg\u00f3.<\/p>\n\n\n\n<p>Sobre la relaci\u00f3n con la gesti\u00f3n de Javier Milei, se\u00f1al\u00f3: &#8220;<strong>Compartimos ideas de libertad, ideas de hacer y construir un mejor pa\u00eds entendiendo que para esto hay que armar los mejores equipos <\/strong>y contar con las mejores personas, cosa que desde nuestros espacio podemos aportar a este gobierno&#8221;.<\/p>\n\n\n\n<p>Sobre la asunci\u00f3n de <strong>Macri como presidente del PRO,<\/strong> resalt\u00f3 que &#8220;todos en la provincia coincidimos que es la mejor persona para liderar esta etapa y poder generar este v\u00ednculo de colaboraci\u00f3n con el presidente a partir de la&nbsp;experiencia y el conocimiento de la gesti\u00f3n&#8221;.<\/p>\n\n\n\n<p>&#8220;<strong>Tanto en nuestra provincia como en el resto del territorio nacional se trata de consolidar la maduraci\u00f3n en el crecimiento de este espacio que ha venido evolucionando luego de 20 a\u00f1os<\/strong> y hoy cuenta con experiencia, aprendizaje y una representatividad y territorialidad que abarca todas las realidades del pa\u00eds&#8221;, plante\u00f3 sobre la cuesti\u00f3n provincial.<\/p>\n\n\n\n<p>&#8211; \u00bfEn La Pampa, es viable avanzar en un frente electoral con el PRO y La Libertad Avanza de Milei?<\/p>\n\n\n\n<p>&#8211; Por ahora colaboraci\u00f3n para que le vaya bien a este gobierno. <strong>Veremos mas adelante como evolucionamos a partir de nuestro fortalecimiento como PRO y veremos como se plantea el escenario m\u00e1s cerca de la fecha de elecciones con el resto de los actores pol\u00edticos.<\/strong><\/p>\n\n\n\n<p><strong>Fuente: www.laarena.com.ar<\/strong><\/p>\n","protected":false},"excerpt":{"rendered":"<p>Mauricio Macri volvi\u00f3 a la cancha. Despu\u00e9s de la pelea con Patricia Bullrich y tras quedarse con la presidencia del PRO, encabez\u00f3 el pasado jueves un encuentro con mil invitados donde relanz\u00f3 el espacio pol\u00edtico que cre\u00f3 hace dos d\u00e9cadas y plante\u00f3 la estrategia del partido a futuro. El diputado provincial Enrique Juan particip\u00f3 del [&hellip;]<\/p>\n","protected":false},"author":5,"featured_media":4359,"comment_status":"open","ping_status":"open","sticky":false,"template":"","format":"standard","meta":[],"categories":[10],"tags":[],"_links":{"self":[{"href":"https:\/\/politicapatagonica.com\/index.php\/wp-json\/wp\/v2\/posts\/4358"}],"collection":[{"href":"https:\/\/politicapatagonica.com\/index.php\/wp-json\/wp\/v2\/posts"}],"about":[{"href":"https:\/\/politicapatagonica.com\/index.php\/wp-json\/wp\/v2\/types\/post"}],"author":[{"embeddable":true,"href":"https:\/\/politicapatagonica.com\/index.php\/wp-json\/wp\/v2\/users\/5"}],"replies":[{"embeddable":true,"href":"https:\/\/politicapatagonica.com\/index.php\/wp-json\/wp\/v2\/comments?post=4358"}],"version-history":[{"count":2,"href":"https:\/\/politicapatagonica.com\/index.php\/wp-json\/wp\/v2\/posts\/4358\/revisions"}],"predecessor-version":[{"id":4362,"href":"https:\/\/politicapatagonica.com\/index.php\/wp-json\/wp\/v2\/posts\/4358\/revisions\/4362"}],"wp:featuredmedia":[{"embeddable":true,"href":"https:\/\/politicapatagonica.com\/index.php\/wp-json\/wp\/v2\/media\/4359"}],"wp:attachment":[{"href":"https:\/\/politicapatagonica.com\/index.php\/wp-json\/wp\/v2\/media?parent=4358"}],"wp:term":[{"taxonomy":"category","embeddable":true,"href":"https:\/\/politicapatagonica.com\/index.php\/wp-json\/wp\/v2\/categories?post=4358"},{"taxonomy":"post_tag","embeddable":true,"href":"https:\/\/politicapatagonica.com\/index.php\/wp-json\/wp\/v2\/tags?post=4358"}],"curies":[{"name":"wp","href":"https:\/\/api.w.org\/{rel}","templated":true}]}}