{"id":4355,"date":"2024-08-05T22:38:32","date_gmt":"2024-08-05T22:38:32","guid":{"rendered":"https:\/\/politicapatagonica.com\/?p=4355"},"modified":"2024-08-06T11:50:15","modified_gmt":"2024-08-06T11:50:15","slug":"weretilneck-recibio-a-marin-y-destaco-el-apoyo-al-rigi","status":"publish","type":"post","link":"https:\/\/politicapatagonica.com\/index.php\/2024\/08\/05\/weretilneck-recibio-a-marin-y-destaco-el-apoyo-al-rigi\/","title":{"rendered":"Weretilneck recibi\u00f3 al presidente de YPF y destac\u00f3 el apoyo para adherir al RIGI en R\u00edo Negro"},"content":{"rendered":"\n<p>El gobernador Alberto <strong>Weretilneck recibi\u00f3 hoy en Cipolletti al presidente de YPF, Horacio Mar\u00edn<\/strong>. Fue el primer encuentro tras la definici\u00f3n de la localizaci\u00f3n de la planta de GNL en Punta Colorada, y d\u00edas antes que el presidente Javier Milei visite Vaca Muerta. En el encuentro, agradeci\u00f3 el apoyo de la oposici\u00f3n parlamentaria para adherir al RIGI en R\u00edo Negro.<\/p>\n\n\n\n<p><strong>&#8220;Esta decisi\u00f3n de YPF no s\u00f3lo impulsa el desarrollo econ\u00f3mico de nuestra Provincia, sino que tambi\u00e9n nos permite aprovechar nuestras ventajas geogr\u00e1ficas y log\u00edsticas para posicionarnos en el mercado global de la energ\u00eda&#8221;,<\/strong> expres\u00f3 el mandatario.<\/p>\n\n\n\n<p>Por su parte, Mar\u00edn expres\u00f3 su agradecimiento por el apoyo recibido en R\u00edo Negro y destac\u00f3 las excelentes condiciones que ofrece el territorio para la implementaci\u00f3n de proyectos de esta envergadura. &#8220;<strong>R\u00edo Negro presenta \u00f3ptimas condiciones geogr\u00e1ficas, naturales y jur\u00eddicas para el desarrollo de este proyecto<\/strong>, y la colaboraci\u00f3n con el gobierno provincial ha sido fundamental para avanzar en esta direcci\u00f3n&#8221;, sostuvo.<\/p>\n\n\n\n<p><strong>Estuvieron presentes el vicegobernador Pedro Pesatti; la senadora nacional M\u00f3nica Silva; la secretaria de Energ\u00eda y Ambiente, Andrea Confini, el fiscal de Estado provincial, Gast\u00f3n P\u00e9rez Estevan; el secretario de Miner\u00eda, Joaqu\u00edn Aberastain Oro; y los legisladores Facundo L\u00f3pez, Lorena Yensen, Lucas Pica y Elbi Cides de Juntos Somos R\u00edo Negro; Javier Acevedo de la CC-ARI; Santiago Ibarrolaza de La Libertad Avanza; Lorena Matzen de le UCR y Juan Martin del PRO. Tambi\u00e9n participaron intendentes de Sierra Grande, Roxana Fern\u00e1ndez, y San Antonio Oeste, Adri\u00e1n Casadei.<\/strong><\/p>\n\n\n\n<p><strong>RIGI<\/strong><\/p>\n\n\n\n<p>Weretilneck valor\u00f3 la decisi\u00f3n de las dos terceras partes de la Legislatura rionegrina de acompa\u00f1ar el proyecto: \u201cEn la pol\u00edtica dom\u00e9stica tenemos diferencias y es lo l\u00f3gico que suceda en la democracia, pero <strong>en lo que hace a lo estrat\u00e9gico de la provincia como lo es la decisi\u00f3n de YPF de Vaca Muerta Sur y de la planta de GNL, estamos de acuerdo\u201d.<\/strong><\/p>\n\n\n\n<p>\u201c<strong>Como rionegrinos tenemos la madurez pol\u00edtica<\/strong> para, en este tipo de situaciones, achatar las diferencias\u201d asegur\u00f3 el Mandatario y lament\u00f3 la ausencia de los espacios que no votaron el RIGI, en referencia a los legisladores de los bloques PJ-NE y Vamos con Todos.<\/p>\n\n\n\n<p><strong>Fuente: www.adnrionegro.com.ar<\/strong><\/p>\n","protected":false},"excerpt":{"rendered":"<p>El gobernador Alberto Weretilneck recibi\u00f3 hoy en Cipolletti al presidente de YPF, Horacio Mar\u00edn. Fue el primer encuentro tras la definici\u00f3n de la localizaci\u00f3n de la planta de GNL en Punta Colorada, y d\u00edas antes que el presidente Javier Milei visite Vaca Muerta. En el encuentro, agradeci\u00f3 el apoyo de la oposici\u00f3n parlamentaria para adherir [&hellip;]<\/p>\n","protected":false},"author":5,"featured_media":4356,"comment_status":"open","ping_status":"open","sticky":false,"template":"","format":"standard","meta":[],"categories":[13],"tags":[],"_links":{"self":[{"href":"https:\/\/politicapatagonica.com\/index.php\/wp-json\/wp\/v2\/posts\/4355"}],"collection":[{"href":"https:\/\/politicapatagonica.com\/index.php\/wp-json\/wp\/v2\/posts"}],"about":[{"href":"https:\/\/politicapatagonica.com\/index.php\/wp-json\/wp\/v2\/types\/post"}],"author":[{"embeddable":true,"href":"https:\/\/politicapatagonica.com\/index.php\/wp-json\/wp\/v2\/users\/5"}],"replies":[{"embeddable":true,"href":"https:\/\/politicapatagonica.com\/index.php\/wp-json\/wp\/v2\/comments?post=4355"}],"version-history":[{"count":2,"href":"https:\/\/politicapatagonica.com\/index.php\/wp-json\/wp\/v2\/posts\/4355\/revisions"}],"predecessor-version":[{"id":4364,"href":"https:\/\/politicapatagonica.com\/index.php\/wp-json\/wp\/v2\/posts\/4355\/revisions\/4364"}],"wp:featuredmedia":[{"embeddable":true,"href":"https:\/\/politicapatagonica.com\/index.php\/wp-json\/wp\/v2\/media\/4356"}],"wp:attachment":[{"href":"https:\/\/politicapatagonica.com\/index.php\/wp-json\/wp\/v2\/media?parent=4355"}],"wp:term":[{"taxonomy":"category","embeddable":true,"href":"https:\/\/politicapatagonica.com\/index.php\/wp-json\/wp\/v2\/categories?post=4355"},{"taxonomy":"post_tag","embeddable":true,"href":"https:\/\/politicapatagonica.com\/index.php\/wp-json\/wp\/v2\/tags?post=4355"}],"curies":[{"name":"wp","href":"https:\/\/api.w.org\/{rel}","templated":true}]}}