{"id":4351,"date":"2024-08-02T21:04:22","date_gmt":"2024-08-02T21:04:22","guid":{"rendered":"https:\/\/politicapatagonica.com\/?p=4351"},"modified":"2024-08-02T21:04:22","modified_gmt":"2024-08-02T21:04:22","slug":"neuquen-exige-a-la-nacion-que-no-demore-en-otorgarle-el-control-de-las-represas","status":"publish","type":"post","link":"https:\/\/politicapatagonica.com\/index.php\/2024\/08\/02\/neuquen-exige-a-la-nacion-que-no-demore-en-otorgarle-el-control-de-las-represas\/","title":{"rendered":"Neuqu\u00e9n exige a la Naci\u00f3n que no demore en otorgarle el control de las represas"},"content":{"rendered":"\n<p>El ministro de Infraestructura del\u00a0<strong>Neuqu\u00e9n<\/strong>,\u00a0<strong>Rub\u00e9n Etcheverry<\/strong>, exigi\u00f3 este viernes a la<strong>\u00a0Secretar\u00eda de Energ\u00eda de la Naci\u00f3n<\/strong>\u00a0que una vez agotadas las pr\u00f3rrogas concedidas a las empresas que administran los aprovechamientos hidroel\u00e9ctricos y presas,\u00a0<strong>sean transferidas las mismas a la provincia<\/strong>.<\/p>\n\n\n\n<p>En los pr\u00f3ximos d\u00edas se vencer\u00e1n algunas extensiones de los contratos y mediante una nota, el funcionario asegur\u00f3 que el reclamo leg\u00edtimo&nbsp;<strong>se funda en la propiedad de los recursos h\u00eddricos<\/strong>.<\/p>\n\n\n\n<p>Seg\u00fan indic\u00f3 el gobierno neuquino, la exigencia se centra en los aprovechamientos hidroel\u00e9ctricos existentes en los r\u00edos Neuqu\u00e9n y Limay y, en particular, sobre las concesiones hidroel\u00e9ctricas\u00a0<strong>El Choc\u00f3n, Piedra del \u00c1guila, Alicur\u00e1, Cerros Colorados, Planicie Banderita y Arroyito<\/strong>, cuyos respectivos contratos de concesi\u00f3n\u00a0<strong>han expirado\u00a0<\/strong>y sus per\u00edodos de transici\u00f3n\u00a0<strong>han sido reiteradamente prorrogados a la fecha por la Secretar\u00eda de Energ\u00eda de la Naci\u00f3n (SEN)<\/strong>; como as\u00ed tambi\u00e9n a las presas Portezuelo Grande, Loma de la Lata y Planicie Banderita.<\/p>\n\n\n\n<h2>Planteo de abstenci\u00f3n<\/h2>\n\n\n\n<p>En ese sentido solicit\u00f3 que la SEN se abstenga de tomar cualquier <strong>tipo de decisi\u00f3n y\/o medida en relaci\u00f3n con los aprovechamientos y presas, sin antes dar participaci\u00f3n en los procesos de toma de decisiones a la provincia y obtener la previa aprobaci\u00f3n y\/o acuerdo expreso (y, en lo que corresponda al r\u00edo Limay, de la Provincia de R\u00edo Negro)<\/strong>. Tambi\u00e9n reclam\u00f3 la falta de respuesta a las solicitudes y tampoco respondi\u00f3 a los pedidos de reuniones para conformar formalmente una Mesa de Di\u00e1logo donde tratar los temas.<\/p>\n\n\n\n<p>Asimismo, manifest\u00f3 que la indiferencia por parte del <strong>Ejecutivo nacional genera una gran preocupaci\u00f3n restando escasos 10 d\u00edas de la \u00faltima posibilidad de pr\u00f3rroga en algunos de los mencionados emprendimientos. Esta situaci\u00f3n afecta la continuidad de los m\u00faltiples puestos de trabajo del personal de las actuales concesionarias abocado a la operaci\u00f3n y mantenimiento de los aprovechamientos y presas, <\/strong>como as\u00ed tambi\u00e9n a las coberturas de los seguros que las concesionarias est\u00e1n obligadas a contratar y mantener vigentes.<\/p>\n\n\n\n<h2>Transferencia definitiva<\/h2>\n\n\n\n<p>El Gobierno provincial requiri\u00f3 a la Secretar\u00eda de Energ\u00eda que una vez que se agoten las posibilidades de extender los per\u00edodos de transici\u00f3n bajo cada contrato de concesi\u00f3n hidroel\u00e9ctrica, <strong>se realice la transferencia definitiva e inmediata de los aprovechamientos y presas a Neuqu\u00e9n (y, en lo que corresponda a los aprovechamientos del r\u00edo Limay, tambi\u00e9n a R\u00edo Negro), dado que compete a la provincia, como titular del dominio originario sobre el recurso natural h\u00eddrico, disponer, regular, administrar, gestionar, explotar, conceder y\/o controlar la gesti\u00f3n de los aprovechamientos y presas que hacen uso del recurso h\u00eddrico.<\/strong><\/p>\n\n\n\n<p>Por \u00faltimo, dej\u00f3 asentado que el gobierno provincial se reserva el derecho a iniciar las acciones correspondientes en defensa de sus intereses y recursos naturales.<\/p>\n\n\n\n<p><strong>Fuente: www.lmneuquen.com<\/strong><\/p>\n","protected":false},"excerpt":{"rendered":"<p>El ministro de Infraestructura del\u00a0Neuqu\u00e9n,\u00a0Rub\u00e9n Etcheverry, exigi\u00f3 este viernes a la\u00a0Secretar\u00eda de Energ\u00eda de la Naci\u00f3n\u00a0que una vez agotadas las pr\u00f3rrogas concedidas a las empresas que administran los aprovechamientos hidroel\u00e9ctricos y presas,\u00a0sean transferidas las mismas a la provincia. En los pr\u00f3ximos d\u00edas se vencer\u00e1n algunas extensiones de los contratos y mediante una nota, el funcionario [&hellip;]<\/p>\n","protected":false},"author":5,"featured_media":4352,"comment_status":"open","ping_status":"open","sticky":false,"template":"","format":"standard","meta":[],"categories":[9],"tags":[],"_links":{"self":[{"href":"https:\/\/politicapatagonica.com\/index.php\/wp-json\/wp\/v2\/posts\/4351"}],"collection":[{"href":"https:\/\/politicapatagonica.com\/index.php\/wp-json\/wp\/v2\/posts"}],"about":[{"href":"https:\/\/politicapatagonica.com\/index.php\/wp-json\/wp\/v2\/types\/post"}],"author":[{"embeddable":true,"href":"https:\/\/politicapatagonica.com\/index.php\/wp-json\/wp\/v2\/users\/5"}],"replies":[{"embeddable":true,"href":"https:\/\/politicapatagonica.com\/index.php\/wp-json\/wp\/v2\/comments?post=4351"}],"version-history":[{"count":1,"href":"https:\/\/politicapatagonica.com\/index.php\/wp-json\/wp\/v2\/posts\/4351\/revisions"}],"predecessor-version":[{"id":4353,"href":"https:\/\/politicapatagonica.com\/index.php\/wp-json\/wp\/v2\/posts\/4351\/revisions\/4353"}],"wp:featuredmedia":[{"embeddable":true,"href":"https:\/\/politicapatagonica.com\/index.php\/wp-json\/wp\/v2\/media\/4352"}],"wp:attachment":[{"href":"https:\/\/politicapatagonica.com\/index.php\/wp-json\/wp\/v2\/media?parent=4351"}],"wp:term":[{"taxonomy":"category","embeddable":true,"href":"https:\/\/politicapatagonica.com\/index.php\/wp-json\/wp\/v2\/categories?post=4351"},{"taxonomy":"post_tag","embeddable":true,"href":"https:\/\/politicapatagonica.com\/index.php\/wp-json\/wp\/v2\/tags?post=4351"}],"curies":[{"name":"wp","href":"https:\/\/api.w.org\/{rel}","templated":true}]}}