{"id":4346,"date":"2024-08-01T18:38:01","date_gmt":"2024-08-01T18:38:01","guid":{"rendered":"https:\/\/politicapatagonica.com\/?p=4346"},"modified":"2024-08-01T18:38:01","modified_gmt":"2024-08-01T18:38:01","slug":"el-gobernador-de-tierra-del-fuego-dice-que-no-buscara-la-reeleccion-pero-convoco-a-elecciones-para-reformar-la-constitucion","status":"publish","type":"post","link":"https:\/\/politicapatagonica.com\/index.php\/2024\/08\/01\/el-gobernador-de-tierra-del-fuego-dice-que-no-buscara-la-reeleccion-pero-convoco-a-elecciones-para-reformar-la-constitucion\/","title":{"rendered":"El gobernador de Tierra del Fuego dice que no buscar\u00e1 la reelecci\u00f3n, pero convoc\u00f3 a elecciones para reformar la Constituci\u00f3n"},"content":{"rendered":"\n<p>EL CALAFATE.- A siete meses de haber logrado la aprobaci\u00f3n en la Legislatura para avanzar en ese sentido, el gobernador de Tierra del Fuego,\u00a0<strong>Gustavo Melella<\/strong>, convoc\u00f3 para el pr\u00f3ximo\u00a0<strong>10 de noviembre\u00a0<\/strong>a<strong>\u00a0<\/strong>las elecciones de las que surgir\u00e1n 15 convencionales constituyentes titulares y ocho suplentes, que ser\u00e1n los encargados de llevar adelante una reforma de la\u00a0<strong>Carta Magna provincial<\/strong>.<\/p>\n\n\n\n<p><strong><mark>Los art\u00edculos a reformar son 70 de los 210 que componen la Constituci\u00f3n fueguina<\/mark>\u00a0<\/strong>y si bien lo neg\u00f3 en varias oportunidades, no se descarta que la reforma deje abierta la posibilidad de una re-re elecci\u00f3n que le permita a Melella postularse para un tercer mandato. La provincia tiene vigente en la actualidad una sola reelecci\u00f3n para el m\u00e1ximo cargo del gobierno local.<\/p>\n\n\n\n<p><strong>\u201c<mark>No tiene que ver con ninguna re-elecci\u00f3n ni con ninguna huevada de esas\u201d<\/mark>, enfatiz\u00f3 Melella y busc\u00f3 explicar:\u00a0<mark>\u201cTiene que ver con repensar la provincia que queremos los fueguinos,<\/mark>\u00a0<mark>que se mire hacia adelante, tiene que ver con una nueva ciudadan\u00eda<\/mark><\/strong>\u201d; dijo en una entrevista con FM 96.9,\u00a0<em>\u201cLa 97 Radio Fueguina<\/em>\u201d de R\u00edo Grande.<\/p>\n\n\n\n<p>El primer paso para avanzar en la reforma se hab\u00eda dado en diciembre pasado, cuando por mayor\u00eda la&nbsp;<strong>Legislatura<\/strong>&nbsp;provincial sancion\u00f3 la reforma impulsada por Melella. En ese momento, el proyecto fue apoyado por diez de los legisladores presentes, en tanto que otros cuatro votaron en contra.<\/p>\n\n\n\n<p>Entre los temas que el gobernador fueguino propone reformar se encuentra<strong><mark>\u00a0terminar con la reelecci\u00f3n indefinida de los legisladores<\/mark>,<\/strong> para cuyos mandatos propone la misma extensi\u00f3n que el cargo de gobernador; y la inclusi\u00f3n de las islas del Atl\u00e1ntico Sur y la Ant\u00e1rtida como parte de los l\u00edmites provinciales.<\/p>\n\n\n\n<p>Melella asegur\u00f3 que a\u00fan no tiene decidido si encabezar\u00e1 o no la lista de constituyentes por su espacio pol\u00edtico FORJA y dijo, en cambio, que <strong>\u201ce<mark>l protagonismo tiene que ser del pueblo de Tierra del Fuego y no de Melella ni de ning\u00fan otro<\/mark><\/strong><mark>;<\/mark>\u00a0la Constituci\u00f3n tiene que ser un debate de todos, los vecinos tienen que aportar, porque esto tiene que ver con la vida de la gente\u201d.<\/p>\n\n\n\n<p>El gobernador fueguino insisti\u00f3 que 2024 no es un a\u00f1o electoral, dijo que a\u00fan le faltan tres a\u00f1os y medio para concluir su mandato y aclar\u00f3 que no defini\u00f3 cual ser\u00e1 su futuro pol\u00edtico en el 2027. Sobre los temas que m\u00e1s le interesa reformar, asegur\u00f3:\u00a0<strong><mark>\u201cPoner limites a la cuesti\u00f3n de la pol\u00edtica, establecer un congelamiento de la cantidad de legisladores, los per\u00edodos de reelecci\u00f3n, el famoso salario que \u2018nadie gana m\u00e1s que el gobernador\u2019 y todo el mundo, por una excusa o por la otra, termina ganando m\u00e1s que el gobernador<\/mark>\u201d.<\/strong><\/p>\n\n\n\n<p>\u201cLa discusi\u00f3n que tenemos que plantear es la provincia para los pr\u00f3ximos 30 a\u00f1os, eso despu\u00e9s se plasmar\u00e1 en art\u00edculos, creo que el gran desaf\u00edo es ese\u201d, afirm\u00f3 luego de que se publicara el&nbsp;<strong>decreto que estableci\u00f3 la convocatoria a elecciones de constituyentes.<\/strong><\/p>\n\n\n\n<p><strong>Dos veces intendente de\u00a0R\u00edo Grande\u00a0y transitando desde diciembre pasado su segundo per\u00edodo al frente de la gobernaci\u00f3n y con m\u00e1s de la mitad de su vida en Tierra del Fuego, Melella\u00a0encarna la esencia de la pol\u00edtica isle\u00f1a:<\/strong> entendi\u00f3 que la movilidad permanente de alianzas y socios entre una elecci\u00f3n y otra es el sello de identidad fueguino.<\/p>\n\n\n\n<p><strong>Fuente: www.lanacion.com.ar<\/strong><\/p>\n","protected":false},"excerpt":{"rendered":"<p>EL CALAFATE.- A siete meses de haber logrado la aprobaci\u00f3n en la Legislatura para avanzar en ese sentido, el gobernador de Tierra del Fuego,\u00a0Gustavo Melella, convoc\u00f3 para el pr\u00f3ximo\u00a010 de noviembre\u00a0a\u00a0las elecciones de las que surgir\u00e1n 15 convencionales constituyentes titulares y ocho suplentes, que ser\u00e1n los encargados de llevar adelante una reforma de la\u00a0Carta Magna [&hellip;]<\/p>\n","protected":false},"author":5,"featured_media":4347,"comment_status":"open","ping_status":"open","sticky":false,"template":"","format":"standard","meta":[],"categories":[11],"tags":[],"_links":{"self":[{"href":"https:\/\/politicapatagonica.com\/index.php\/wp-json\/wp\/v2\/posts\/4346"}],"collection":[{"href":"https:\/\/politicapatagonica.com\/index.php\/wp-json\/wp\/v2\/posts"}],"about":[{"href":"https:\/\/politicapatagonica.com\/index.php\/wp-json\/wp\/v2\/types\/post"}],"author":[{"embeddable":true,"href":"https:\/\/politicapatagonica.com\/index.php\/wp-json\/wp\/v2\/users\/5"}],"replies":[{"embeddable":true,"href":"https:\/\/politicapatagonica.com\/index.php\/wp-json\/wp\/v2\/comments?post=4346"}],"version-history":[{"count":1,"href":"https:\/\/politicapatagonica.com\/index.php\/wp-json\/wp\/v2\/posts\/4346\/revisions"}],"predecessor-version":[{"id":4348,"href":"https:\/\/politicapatagonica.com\/index.php\/wp-json\/wp\/v2\/posts\/4346\/revisions\/4348"}],"wp:featuredmedia":[{"embeddable":true,"href":"https:\/\/politicapatagonica.com\/index.php\/wp-json\/wp\/v2\/media\/4347"}],"wp:attachment":[{"href":"https:\/\/politicapatagonica.com\/index.php\/wp-json\/wp\/v2\/media?parent=4346"}],"wp:term":[{"taxonomy":"category","embeddable":true,"href":"https:\/\/politicapatagonica.com\/index.php\/wp-json\/wp\/v2\/categories?post=4346"},{"taxonomy":"post_tag","embeddable":true,"href":"https:\/\/politicapatagonica.com\/index.php\/wp-json\/wp\/v2\/tags?post=4346"}],"curies":[{"name":"wp","href":"https:\/\/api.w.org\/{rel}","templated":true}]}}