{"id":4343,"date":"2024-08-01T00:30:10","date_gmt":"2024-08-01T00:30:10","guid":{"rendered":"https:\/\/politicapatagonica.com\/?p=4343"},"modified":"2024-08-01T00:30:10","modified_gmt":"2024-08-01T00:30:10","slug":"torres-formalizo-un-reclamo-ante-el-gobierno-nacional-en-defensa-de-las-cuencas-maduras","status":"publish","type":"post","link":"https:\/\/politicapatagonica.com\/index.php\/2024\/08\/01\/torres-formalizo-un-reclamo-ante-el-gobierno-nacional-en-defensa-de-las-cuencas-maduras\/","title":{"rendered":"Torres formaliz\u00f3 un reclamo ante el Gobierno Nacional en defensa de las cuencas maduras"},"content":{"rendered":"\n<p><strong>El gobernador del Chubut, Ignacio \u201cNacho\u201d Torres, present\u00f3 ante el Gobierno Nacional un pedido formal de reducci\u00f3n arancelaria para la importaci\u00f3n de pol\u00edmeros usados en la recuperaci\u00f3n terciaria de petr\u00f3leo.<\/strong> La presentaci\u00f3n formaliza un reclamo que el sector privado viene realizando desde hace a\u00f1os y en el que el Ejecutivo provincial tom\u00f3 una fuerte intervenci\u00f3n desde los inicios de la actual gesti\u00f3n.<\/p>\n\n\n\n<p><strong>Mediante una nota enviada por el propio mandatario al ministro de Econom\u00eda de la Naci\u00f3n, Luis Caputo<\/strong>, se especifica que la eliminaci\u00f3n del arancel solicitada reducir\u00eda el costo operativo de los proyectos de recuperaci\u00f3n terciaria en m\u00e1s del 10%, posibilitando mejorar sustancialmente la rentabilidad y avanzar a la fase de desarrollo de muchos yacimientos que hoy esperan mejores condiciones.<\/p>\n\n\n\n<p><strong>\u201cLa medida que se pretende promover no conlleva un perjuicio fiscal para las arcas nacionales, pero s\u00ed supone un incentivo para las cuencas petroleras maduras\u201d, aclar\u00f3 el titular del Ejecutivo chubutense en el escrito, e indic\u00f3 que la utilizaci\u00f3n de estos productos \u201cresulta de vital importancia\u201d para continuar la explotaci\u00f3n de los yacimientos convencionales.<\/strong><\/p>\n\n\n\n<h3><strong>Reclamo hist\u00f3rico<\/strong><\/h3>\n\n\n\n<p>Al respecto, el ministro de Energ\u00eda e Hidrocarburos de Chubut, Federico Ponce, sostuvo que en el transcurso del pr\u00f3ximo mes <strong>\u201cse emitir\u00eda un decreto disponiendo sobre cuestiones arancelarias\u201d,<\/strong> por lo que existen posibilidades concretas de \u201cincluir alguna de las alternativas planteadas por la provincia para resolver el pedido\u201d.\u00a0<\/p>\n\n\n\n<p>El funcionario consider\u00f3 que la presentaci\u00f3n realizada por el Ejecutivo \u201cproporciona un impulso final para dar soluci\u00f3n a este reclamo hist\u00f3rico de las cuencas maduras\u201d, y apel\u00f3 a la <strong>\u201cbuena receptividad y entendimiento del tema\u201d<\/strong> por parte de las distintas \u00e1reas del Ministerio de Econom\u00eda y de la Secretar\u00eda de Comercio de la Naci\u00f3n.<\/p>\n\n\n\n<h3><strong>Recuperaci\u00f3n Terciaria<\/strong><\/h3>\n\n\n\n<p>La recuperaci\u00f3n terciaria es una tecnolog\u00eda aplicada en campos petroleros maduros que<strong> permite incrementar la producci\u00f3n y extender la vida \u00fatil de los yacimientos. Consiste en la inyecci\u00f3n de agua con pol\u00edmeros en el reservorio para aumentar la viscosidad del fluido y recuperar el petr\u00f3leo remanente almacenado en las rocas.<\/strong><\/p>\n\n\n\n<p>\u201cChubut es la principal provincia productora de petr\u00f3leo que aplica estos m\u00e9todos\u201d, precis\u00f3 Ponce, y agreg\u00f3 que actualmente, \u201clos hidrocarburos producidos por recuperaci\u00f3n terciaria representan m\u00e1s del 12% del total, y esa cifra aumenta r\u00e1pidamente\u201d.<\/p>\n\n\n\n<h3><strong>Importaci\u00f3n<\/strong><\/h3>\n\n\n\n<p>En cuanto a la solicitud formalizada por el mandatario, el ministro de Hidrocarburos explic\u00f3 que en la actualidad \u201cse consumen m\u00e1s de 60 toneladas diarias de pol\u00edmeros en la provincia, y la cifra est\u00e1 en constante aumento\u201d.&nbsp;<\/p>\n\n\n\n<p>En ese sentido, revel\u00f3 que <strong>en el \u00e1mbito local no existe fabricaci\u00f3n de este tipo de productos, ni tampoco ser\u00eda factible su elaboraci\u00f3n porque no hay disponibilidad de las materias primas necesarias.<\/strong> \u201cPor eso se recurre a la importaci\u00f3n, donde cada tonelada de pol\u00edmero importada paga un arancel del 14%\u201d, apunt\u00f3.<\/p>\n\n\n\n<p><strong>Fuente: www.elchubut.com.ar<\/strong><\/p>\n","protected":false},"excerpt":{"rendered":"<p>El gobernador del Chubut, Ignacio \u201cNacho\u201d Torres, present\u00f3 ante el Gobierno Nacional un pedido formal de reducci\u00f3n arancelaria para la importaci\u00f3n de pol\u00edmeros usados en la recuperaci\u00f3n terciaria de petr\u00f3leo. La presentaci\u00f3n formaliza un reclamo que el sector privado viene realizando desde hace a\u00f1os y en el que el Ejecutivo provincial tom\u00f3 una fuerte intervenci\u00f3n [&hellip;]<\/p>\n","protected":false},"author":5,"featured_media":4344,"comment_status":"open","ping_status":"open","sticky":false,"template":"","format":"standard","meta":[],"categories":[14],"tags":[],"_links":{"self":[{"href":"https:\/\/politicapatagonica.com\/index.php\/wp-json\/wp\/v2\/posts\/4343"}],"collection":[{"href":"https:\/\/politicapatagonica.com\/index.php\/wp-json\/wp\/v2\/posts"}],"about":[{"href":"https:\/\/politicapatagonica.com\/index.php\/wp-json\/wp\/v2\/types\/post"}],"author":[{"embeddable":true,"href":"https:\/\/politicapatagonica.com\/index.php\/wp-json\/wp\/v2\/users\/5"}],"replies":[{"embeddable":true,"href":"https:\/\/politicapatagonica.com\/index.php\/wp-json\/wp\/v2\/comments?post=4343"}],"version-history":[{"count":1,"href":"https:\/\/politicapatagonica.com\/index.php\/wp-json\/wp\/v2\/posts\/4343\/revisions"}],"predecessor-version":[{"id":4345,"href":"https:\/\/politicapatagonica.com\/index.php\/wp-json\/wp\/v2\/posts\/4343\/revisions\/4345"}],"wp:featuredmedia":[{"embeddable":true,"href":"https:\/\/politicapatagonica.com\/index.php\/wp-json\/wp\/v2\/media\/4344"}],"wp:attachment":[{"href":"https:\/\/politicapatagonica.com\/index.php\/wp-json\/wp\/v2\/media?parent=4343"}],"wp:term":[{"taxonomy":"category","embeddable":true,"href":"https:\/\/politicapatagonica.com\/index.php\/wp-json\/wp\/v2\/categories?post=4343"},{"taxonomy":"post_tag","embeddable":true,"href":"https:\/\/politicapatagonica.com\/index.php\/wp-json\/wp\/v2\/tags?post=4343"}],"curies":[{"name":"wp","href":"https:\/\/api.w.org\/{rel}","templated":true}]}}