{"id":4340,"date":"2024-07-30T22:58:07","date_gmt":"2024-07-30T22:58:07","guid":{"rendered":"https:\/\/politicapatagonica.com\/?p=4340"},"modified":"2024-07-30T22:58:08","modified_gmt":"2024-07-30T22:58:08","slug":"rolando-figueroa-se-reunio-con-jovenes-de-toda-la-provincia-quienes-son","status":"publish","type":"post","link":"https:\/\/politicapatagonica.com\/index.php\/2024\/07\/30\/rolando-figueroa-se-reunio-con-jovenes-de-toda-la-provincia-quienes-son\/","title":{"rendered":"Rolando Figueroa se reuni\u00f3 con j\u00f3venes de toda la provincia: qui\u00e9nes son"},"content":{"rendered":"\n<p>El gobernador Rolando Figueroa mantuvo este martes en el Espacio Duam una reuni\u00f3n de trabajo con j\u00f3venes que participan de una nueva edici\u00f3n del<strong>\u00a0Programa Federal de Gesti\u00f3n<\/strong>\u00a0<strong>para el Desarrollo<\/strong>. Del evento participaron neuquinas y neuquinos oriundos de\u00a0<strong>San Mart\u00edn de los Andes, Los Miches, Chos Malal, Varvarco, Alumin\u00e9, Neuqu\u00e9n, Cutral Co y Plottier<\/strong>.<\/p>\n\n\n\n<p>La actividad \u2013que se inici\u00f3 en abril-<strong> se realiza en 22 provincias en simult\u00e1neo <\/strong>con el apoyo de los gobiernos provinciales y apunta a formar a m\u00e1s de<strong> 400 j\u00f3venes en todo el pa\u00eds<\/strong>.<\/p>\n\n\n\n<p>El programa tuvo su primera edici\u00f3n en 2021 y ya cuenta con<strong>&nbsp;cuatro ediciones realizadas<\/strong>, (en algunas ocasiones se realiz\u00f3 m\u00e1s de una por a\u00f1o) m\u00e1s de 1.500 egresados y m\u00e1s de 200 proyectos presentados como parte del proceso formativo.<\/p>\n\n\n\n<p>Gesti\u00f3n para el Desarrollo forma parte de la Escuela Federal de Desarrollo del CFI, espacio para la formaci\u00f3n especializada de funcionarios, t\u00e9cnicos e investigadores de las provincias en diversas disciplinas vinculadas al desarrollo federal. Est\u00e1 basado en el <strong>intercambio de buenas pr\u00e1cticas en la gesti\u00f3n p\u00fablica, relacionadas con sectores productivos estrat\u00e9gicos de las provincias argentinas.<\/strong><\/p>\n\n\n\n<p>Figueroa escuch\u00f3 las experiencias relatadas por los j\u00f3venes y les felicit\u00f3 por interesarse en el desarrollo del Neuqu\u00e9n. En ese contexto, sostuvo que es importante la incorporaci\u00f3n de j\u00f3venes al nuevo desaf\u00edo de desarrollo que garantice un futuro: \u201c<strong>Neuqu\u00e9n nos est\u00e1 demandando que dejemos preparada la provincia para las pr\u00f3ximas generaciones<\/strong>\u201d, dijo.<\/p>\n\n\n\n<p>Figueroa tambi\u00e9n puso a disposici\u00f3n a su equipo de trabajo para las consultas que las y los j\u00f3venes consideren necesarias, \u201cporque creo que la formaci\u00f3n es important\u00edsima para poder ocupar lugares. Hay que esforzarse teniendo un m\u00e9todo todos los d\u00edas de la vida, para poder progresar\u201d.<\/p>\n\n\n\n<h2>&#8220;Pluralidad&#8221;<\/h2>\n\n\n\n<p>La secretaria de Planificaci\u00f3n y Vinculaci\u00f3n Institucional,\u00a0<strong>Leticia Esteves<\/strong>, explic\u00f3 que el programa que llevar\u00e1n adelante junto al <strong>CFI \u201cofrece a los participantes una pluralidad de modernos instrumentos para la gesti\u00f3n en la formulaci\u00f3n de proyectos innovadores de pol\u00edticas p\u00fablicas\u201d.<\/strong><\/p>\n\n\n\n<p>Se tiene en cuenta la regionalizaci\u00f3n, potenciando las particularidades de cada regi\u00f3n y el valor de las identidades, identificando soluciones y oportunidades, herramientas, conocimientos y perspectivas para el desarrollo, poniendo en valor el territorio y su gente.<\/p>\n\n\n\n<p>Para el secretario general del CFI,<strong>\u00a0Ignacio Lamothe<\/strong>, se trata de un trabajo \u201ccomplejo pero muy interesante. E<strong>s muy gratificante ver que estas generaciones, sobre las cuales a veces escuchamos que creen que la salida est\u00e1 en Ezeiza, hoy est\u00e9n ac\u00e1, form\u00e1ndose en sus pueblos, en sus lugares en el que viven,<\/strong> tratando de buscar soluciones en los problemas que ven, complejizando la mirada que tienen sobre el lugar en el viven. Y es una forma para nosotros tambi\u00e9n de re vincularse con Argentina, con el territorio, una forma positiva con estos aspectos que estructuran el desarrollo del pa\u00eds\u201d, agreg\u00f3.<\/p>\n\n\n\n<p><strong>Este programa promueve el intercambio de ideas<\/strong>, desarrollo de proyectos innovadores, debates sobre pol\u00edticas productivas, v\u00ednculos con j\u00f3venes de distintas provincias, visitas a empresas p\u00fablicas y privadas, exposiciones te\u00f3ricas y diversas pr\u00e1cticas con perspectiva local.<\/p>\n\n\n\n<p>Incluye clases sobre infraestructura, log\u00edstica, estructura productiva argentina y pol\u00edticas de desarrollo, con su abordaje local a trav\u00e9s de paneles provinciales.<strong> Se abordan temas estrat\u00e9gicos para el desarrollo del pa\u00eds desde una perspectiva federal. Adem\u00e1s, cuenta con seminarios de liderazgo y de comunicaci\u00f3n efectiva.<\/strong><\/p>\n\n\n\n<p><strong>Fuente: www.lmneuquen.com<\/strong><\/p>\n","protected":false},"excerpt":{"rendered":"<p>El gobernador Rolando Figueroa mantuvo este martes en el Espacio Duam una reuni\u00f3n de trabajo con j\u00f3venes que participan de una nueva edici\u00f3n del\u00a0Programa Federal de Gesti\u00f3n\u00a0para el Desarrollo. Del evento participaron neuquinas y neuquinos oriundos de\u00a0San Mart\u00edn de los Andes, Los Miches, Chos Malal, Varvarco, Alumin\u00e9, Neuqu\u00e9n, Cutral Co y Plottier. La actividad \u2013que [&hellip;]<\/p>\n","protected":false},"author":5,"featured_media":4341,"comment_status":"open","ping_status":"open","sticky":false,"template":"","format":"standard","meta":[],"categories":[9],"tags":[],"_links":{"self":[{"href":"https:\/\/politicapatagonica.com\/index.php\/wp-json\/wp\/v2\/posts\/4340"}],"collection":[{"href":"https:\/\/politicapatagonica.com\/index.php\/wp-json\/wp\/v2\/posts"}],"about":[{"href":"https:\/\/politicapatagonica.com\/index.php\/wp-json\/wp\/v2\/types\/post"}],"author":[{"embeddable":true,"href":"https:\/\/politicapatagonica.com\/index.php\/wp-json\/wp\/v2\/users\/5"}],"replies":[{"embeddable":true,"href":"https:\/\/politicapatagonica.com\/index.php\/wp-json\/wp\/v2\/comments?post=4340"}],"version-history":[{"count":1,"href":"https:\/\/politicapatagonica.com\/index.php\/wp-json\/wp\/v2\/posts\/4340\/revisions"}],"predecessor-version":[{"id":4342,"href":"https:\/\/politicapatagonica.com\/index.php\/wp-json\/wp\/v2\/posts\/4340\/revisions\/4342"}],"wp:featuredmedia":[{"embeddable":true,"href":"https:\/\/politicapatagonica.com\/index.php\/wp-json\/wp\/v2\/media\/4341"}],"wp:attachment":[{"href":"https:\/\/politicapatagonica.com\/index.php\/wp-json\/wp\/v2\/media?parent=4340"}],"wp:term":[{"taxonomy":"category","embeddable":true,"href":"https:\/\/politicapatagonica.com\/index.php\/wp-json\/wp\/v2\/categories?post=4340"},{"taxonomy":"post_tag","embeddable":true,"href":"https:\/\/politicapatagonica.com\/index.php\/wp-json\/wp\/v2\/tags?post=4340"}],"curies":[{"name":"wp","href":"https:\/\/api.w.org\/{rel}","templated":true}]}}