{"id":4330,"date":"2024-07-24T22:58:36","date_gmt":"2024-07-24T22:58:36","guid":{"rendered":"https:\/\/politicapatagonica.com\/?p=4330"},"modified":"2024-07-24T22:58:37","modified_gmt":"2024-07-24T22:58:37","slug":"la-pampa-pidio-a-nacion-hacerse-cargo-del-procrear","status":"publish","type":"post","link":"https:\/\/politicapatagonica.com\/index.php\/2024\/07\/24\/la-pampa-pidio-a-nacion-hacerse-cargo-del-procrear\/","title":{"rendered":"La Pampa pidi\u00f3 a Naci\u00f3n hacerse cargo del PROCREAR"},"content":{"rendered":"\n<p>Durante el acto de entrega de lotes con servicios en Santa Rosa, el gobernador <strong>Ziliotto anunci\u00f3 que pidi\u00f3 al gobierno nacional que La Pampa se pueda hacer cargo de la operatoria PROCREAR en Santa Rosa, General Pico y Toay.<\/strong>\u00a0\u00a0<\/p>\n\n\n\n<p>&#8220;La semana pasada, hemos enviado una nota con mi firma al ministro del Interior, Guillermo Francos, <strong>para que se nos habilite la posibilidad de hacernos cargo de la operatoria PROCREAR&#8221;, expres\u00f3 el gobernador <\/strong>en el Sal\u00f3n de Acuerdos.<\/p>\n\n\n\n<p>&#8220;La presidenta del IPAV, Erica Riboyra, hizo lo mismo tanto de modo escrito como presencial ante el secretario de H\u00e1bitat, Rodrigo Aybar&#8221;, a\u00f1adi\u00f3 el mandatario provincial.<\/p>\n\n\n\n<p>Ziliotto detall\u00f3 que se trata de &#8220;<strong>636 viviendas que est\u00e1n totalmente inmovilizadas: hay 270 en Toay, 198 en General Pico y 168 en Santa Rosa que hemos pedido sean transferidas en su totalidad a La Pampa.<\/strong> Solicitamos terminarlas, seleccionar las adjudicatarias y entregarlas, como hemos hecho con todas las operatorias en la provincia&#8221;.<\/p>\n\n\n\n<p><strong>El anuncio se realiz\u00f3 durante la entrega de 45 lotes con servicios a familias con un hijo o hija.<\/strong> &#8220;Este es un nuevo peque\u00f1o paso en una de las principales pol\u00edticas que tiene el gobierno provincial y la provincia de La Pampa. Ac\u00e1 no est\u00e1 solo la decisi\u00f3n de un gobernador sino el acompa\u00f1amiento de la sociedad&#8221;, expres\u00f3 el gobernador ante los adjudicatarios.<\/p>\n\n\n\n<p>Y destac\u00f3<strong> &#8220;este sistema solidario que ha permitido llegar a la vivienda a muchas familias, aunque hay 10.000 personas esperando. Hay una profunda responsabilidad social de quienes pagan la cuota, a pesar de las actualizaciones&#8221;\u00a0<\/strong><\/p>\n\n\n\n<p>&#8220;M\u00e1s all\u00e1 de la crisis, no abandonamos la pol\u00edtica de construir viviendas.<strong> Y venimos a rendir cuentas porque somos meros administradores.<\/strong> Las inversiones en Santa Rosa en pol\u00edtica habitacional, en obras iniciadas suman 28.400 millones de pesos&#8221;, puntualiz\u00f3 el gobernador.<\/p>\n\n\n\n<p>Respecto a los 300 lotes con servicios, <strong>&#8220;destinamos 4.400 millones de pesos para llevar la luz. Las obras de agua cloacas y gas se est\u00e1n desarrollando, pero tambi\u00e9n hay otra muy importante: el complejo habitacional Casa Propia, para el cual tambi\u00e9n hemos destinado recursos p\u00fablicos&#8221;,<\/strong> dijo Ziliotto.\u00a0<\/p>\n\n\n\n<p>Y adelant\u00f3 que &#8220;e<strong>n poco tiempo m\u00e1s comenzar\u00e1 la obra de desag\u00fces pluviales en esa zona, una obra integral que viene a recoger los desag\u00fces desde donde empieza el PROCREAR hacia la zona sur, <\/strong>hacia lo que es el retardador, una obra muy importante que va a evitar inundaciones. Son 8.000 millones de pesos y estar\u00e1 terminada antes de finalizar el primer semestre de 2025&#8243;.<\/p>\n\n\n\n<p>&#8220;Esto se suma a las <strong>280 viviendas que se empiezan a construir el 1 de agosto<\/strong>, viviendas de una operatoria nacional que estamos autorizados a construirlas con recursos propios&#8221;, concluy\u00f3 el gobernador.<\/p>\n\n\n\n<p><strong>Fuente: eldiariodelapampa.com.ar<\/strong><\/p>\n","protected":false},"excerpt":{"rendered":"<p>Durante el acto de entrega de lotes con servicios en Santa Rosa, el gobernador Ziliotto anunci\u00f3 que pidi\u00f3 al gobierno nacional que La Pampa se pueda hacer cargo de la operatoria PROCREAR en Santa Rosa, General Pico y Toay.\u00a0\u00a0 &#8220;La semana pasada, hemos enviado una nota con mi firma al ministro del Interior, Guillermo Francos, [&hellip;]<\/p>\n","protected":false},"author":5,"featured_media":4331,"comment_status":"open","ping_status":"open","sticky":false,"template":"","format":"standard","meta":[],"categories":[10],"tags":[],"_links":{"self":[{"href":"https:\/\/politicapatagonica.com\/index.php\/wp-json\/wp\/v2\/posts\/4330"}],"collection":[{"href":"https:\/\/politicapatagonica.com\/index.php\/wp-json\/wp\/v2\/posts"}],"about":[{"href":"https:\/\/politicapatagonica.com\/index.php\/wp-json\/wp\/v2\/types\/post"}],"author":[{"embeddable":true,"href":"https:\/\/politicapatagonica.com\/index.php\/wp-json\/wp\/v2\/users\/5"}],"replies":[{"embeddable":true,"href":"https:\/\/politicapatagonica.com\/index.php\/wp-json\/wp\/v2\/comments?post=4330"}],"version-history":[{"count":1,"href":"https:\/\/politicapatagonica.com\/index.php\/wp-json\/wp\/v2\/posts\/4330\/revisions"}],"predecessor-version":[{"id":4332,"href":"https:\/\/politicapatagonica.com\/index.php\/wp-json\/wp\/v2\/posts\/4330\/revisions\/4332"}],"wp:featuredmedia":[{"embeddable":true,"href":"https:\/\/politicapatagonica.com\/index.php\/wp-json\/wp\/v2\/media\/4331"}],"wp:attachment":[{"href":"https:\/\/politicapatagonica.com\/index.php\/wp-json\/wp\/v2\/media?parent=4330"}],"wp:term":[{"taxonomy":"category","embeddable":true,"href":"https:\/\/politicapatagonica.com\/index.php\/wp-json\/wp\/v2\/categories?post=4330"},{"taxonomy":"post_tag","embeddable":true,"href":"https:\/\/politicapatagonica.com\/index.php\/wp-json\/wp\/v2\/tags?post=4330"}],"curies":[{"name":"wp","href":"https:\/\/api.w.org\/{rel}","templated":true}]}}