{"id":4327,"date":"2024-07-23T23:14:30","date_gmt":"2024-07-23T23:14:30","guid":{"rendered":"https:\/\/politicapatagonica.com\/?p=4327"},"modified":"2024-07-23T23:14:30","modified_gmt":"2024-07-23T23:14:30","slug":"claudio-vidal-se-reunio-en-buenos-aires-para-ampliar-el-ejido-urbano-de-el-chalten","status":"publish","type":"post","link":"https:\/\/politicapatagonica.com\/index.php\/2024\/07\/23\/claudio-vidal-se-reunio-en-buenos-aires-para-ampliar-el-ejido-urbano-de-el-chalten\/","title":{"rendered":"CLAUDIO VIDAL SE REUNI\u00d3 EN BUENOS AIRES PARA AMPLIAR EL EJIDO URBANO DE EL CHALT\u00c9N"},"content":{"rendered":"\n<p><strong>El gobernador Claudio Vidal fue recibido en la Casa Rosada por el Secretario de Interior, Lisandro Catal\u00e1n, a quien le traslad\u00f3 el pedido para que Parques Nacionales autorice los permisos de urbanizaci\u00f3n.<\/strong><\/p>\n\n\n\n<p>Junto al mandatario, llegaron el ex gobernador y fundador de la localidad, Arturo Puricelli y el intendente actual, N\u00e9stor Tic\u00f3. La delegaci\u00f3n santacruce\u00f1a se complet\u00f3 con el ministro de Gobierno, Pedro Luxen y el presidente del Consejo Agrario, Adri\u00e1n Su\u00e1rez.<\/p>\n\n\n\n<p>El gobernador de la provincia de santa Cruz, Claudio Vidal, formaliz\u00f3 el pedido para que Parques Nacionales autorice los <strong>permisos de urbanizaci\u00f3n de El Chalt\u00e9n y eso permita ampliar su ejido urbano, un antiguo sue\u00f1o en la localidad.<\/strong><\/p>\n\n\n\n<p>La gesti\u00f3n la realiz\u00f3 ante el Secretario de Interior, Lisandro Catal\u00e1n, que lo recibi\u00f3 en la Casa Rosada. El permiso de Parques Nacionales es un <strong>recurso inevitable ya que la localidad se encuentra emplazada por completo dentro de esa zona protegida<\/strong>.<\/p>\n\n\n\n<p>Adem\u00e1s, <strong>el gobernador avanz\u00f3 en la planificaci\u00f3n de importantes obras para la localidad.<\/strong> Este encuentro forma parte de una estrategia integral para fomentar el desarrollo sostenible en la provincia de Santa Cruz.<\/p>\n\n\n\n<p>En la reuni\u00f3n, realizada esta ma\u00f1ana, participaron tambi\u00e9n el exgobernador de Santa Cruz y fundador de El Chalt\u00e9n, Arturo Puricelli; el ministro de Gobierno, Pedro Luxen y el presidente del Consejo Agrario, Adri\u00e1n Su\u00e1rez.<\/p>\n\n\n\n<p>Fruto del encuentro,<strong> se lleg\u00f3 a un compromiso por parte del gobierno nacional, para iniciar el desarrollo de la ampliaci\u00f3n del ejido urbano en El Chalt\u00e9n, tras la cesi\u00f3n de tierras que realiz\u00f3 un propietario privado.<\/strong><\/p>\n\n\n\n<p>El gobierno considera que este proyecto es fundamental para la organizaci\u00f3n territorial y el crecimiento ordenado de la localidad, clave para su <strong>proyecci\u00f3n como destino tur\u00edstico de primer nivel.<\/strong><\/p>\n\n\n\n<p><strong>\u201cSanta Cruz es una provincia que recibe millones de turistas anualmente. Con los lugares hermosos que tenemos, y una planificaci\u00f3n adecuada, podemos desarrollar cada rinc\u00f3n de la provincia de manera efectiva,\u201d destac\u00f3 Claudio Vidal.<\/strong><\/p>\n\n\n\n<p>Estas obras no s\u00f3lo buscan mejorar la infraestructura de El Chalt\u00e9n, sino tambi\u00e9n asegurar que la provincia contin\u00fae siendo un im\u00e1n para el turismo internacional, <strong>combinando el desarrollo econ\u00f3mico con la preservaci\u00f3n de sus paisajes naturales.<\/strong><\/p>\n\n\n\n<p>El Chalt\u00e9n, fundado el 12 de octubre del 1985, recibe casi 1.000.000 de turistas por a\u00f1o, y cuenta con algo menos de 2.000 habitantes, dato que se desprende del Censo 2022.<\/p>\n\n\n\n<p>En octubre de 2014,<strong> la localidad obtuvo el segundo lugar en un ranking de las \u201cmejores ciudades del mundo por conocer.<\/strong><\/p>\n\n\n\n<p><strong>Fuente: laprensadesantacruz<\/strong><\/p>\n","protected":false},"excerpt":{"rendered":"<p>El gobernador Claudio Vidal fue recibido en la Casa Rosada por el Secretario de Interior, Lisandro Catal\u00e1n, a quien le traslad\u00f3 el pedido para que Parques Nacionales autorice los permisos de urbanizaci\u00f3n. Junto al mandatario, llegaron el ex gobernador y fundador de la localidad, Arturo Puricelli y el intendente actual, N\u00e9stor Tic\u00f3. La delegaci\u00f3n santacruce\u00f1a [&hellip;]<\/p>\n","protected":false},"author":5,"featured_media":4328,"comment_status":"open","ping_status":"open","sticky":false,"template":"","format":"standard","meta":[],"categories":[8],"tags":[],"_links":{"self":[{"href":"https:\/\/politicapatagonica.com\/index.php\/wp-json\/wp\/v2\/posts\/4327"}],"collection":[{"href":"https:\/\/politicapatagonica.com\/index.php\/wp-json\/wp\/v2\/posts"}],"about":[{"href":"https:\/\/politicapatagonica.com\/index.php\/wp-json\/wp\/v2\/types\/post"}],"author":[{"embeddable":true,"href":"https:\/\/politicapatagonica.com\/index.php\/wp-json\/wp\/v2\/users\/5"}],"replies":[{"embeddable":true,"href":"https:\/\/politicapatagonica.com\/index.php\/wp-json\/wp\/v2\/comments?post=4327"}],"version-history":[{"count":1,"href":"https:\/\/politicapatagonica.com\/index.php\/wp-json\/wp\/v2\/posts\/4327\/revisions"}],"predecessor-version":[{"id":4329,"href":"https:\/\/politicapatagonica.com\/index.php\/wp-json\/wp\/v2\/posts\/4327\/revisions\/4329"}],"wp:featuredmedia":[{"embeddable":true,"href":"https:\/\/politicapatagonica.com\/index.php\/wp-json\/wp\/v2\/media\/4328"}],"wp:attachment":[{"href":"https:\/\/politicapatagonica.com\/index.php\/wp-json\/wp\/v2\/media?parent=4327"}],"wp:term":[{"taxonomy":"category","embeddable":true,"href":"https:\/\/politicapatagonica.com\/index.php\/wp-json\/wp\/v2\/categories?post=4327"},{"taxonomy":"post_tag","embeddable":true,"href":"https:\/\/politicapatagonica.com\/index.php\/wp-json\/wp\/v2\/tags?post=4327"}],"curies":[{"name":"wp","href":"https:\/\/api.w.org\/{rel}","templated":true}]}}