{"id":4321,"date":"2024-07-22T22:29:47","date_gmt":"2024-07-22T22:29:47","guid":{"rendered":"https:\/\/politicapatagonica.com\/?p=4321"},"modified":"2024-07-23T14:29:05","modified_gmt":"2024-07-23T14:29:05","slug":"chubut-se-hara-cargo-de-las-mas-de-200-viviendas-inconclusas-de-nacion","status":"publish","type":"post","link":"https:\/\/politicapatagonica.com\/index.php\/2024\/07\/22\/chubut-se-hara-cargo-de-las-mas-de-200-viviendas-inconclusas-de-nacion\/","title":{"rendered":"Chubut se har\u00e1 cargo de las m\u00e1s de 200 viviendas inconclusas de Naci\u00f3n"},"content":{"rendered":"\n<p>El gobernador Ignacio Torres confirm\u00f3 que <strong>el Ejecutivo provincial afrontar\u00e1 con fondos propios<\/strong> <strong>la continuidad y financiaci\u00f3n de m\u00e1s de 200 soluciones habitacionales<\/strong> paralizadas desde hace meses, las cuales se encuentran incluidas en los programas nacionales\u00a0Casa Propia\u00a0(ProCreAr) y\u00a0Reconstruir.<\/p>\n\n\n\n<p>La autorizaci\u00f3n para ejecutar y finalizar las obras, inicialmente a cargo del Gobierno Nacional, <strong>fue otorgada a trav\u00e9s de un acta acuerdo suscripta esta ma\u00f1ana entre el propio mandatario provincial y el secretario de Desarrollo Territorial, H\u00e1bitat y Vivienda de la Naci\u00f3n, Rodrigo Aybar.<\/strong><\/p>\n\n\n\n<blockquote class=\"wp-block-quote\">\n<h3><strong>A partir de la firma, Chubut se compromete a absorber, a trav\u00e9s del Instituto Provincial de la Vivienda (IPV)&nbsp;la reactivaci\u00f3n y continuidad de m\u00e1s de 200 casas en Comodoro Rivadavia, Trelew, Trevelin, Gobernador Costa y Gualjaina, as\u00ed como la terminaci\u00f3n de un Centro de D\u00eda y una pileta en el barrio Ren\u00e9 Favaloro de la ciudad petrolera.<\/strong><\/h3>\n<\/blockquote>\n\n\n\n<p>Al t\u00e9rmino del encuentro mantenido en la sede del Ministerio de Econom\u00eda, <strong>Torres reafirm\u00f3 la decisi\u00f3n de \u201cpriorizar la obra p\u00fablica\u201d en todo el territorio provincial, e indic\u00f3 que \u201cno es un gasto cuando lo que hacemos es llegar con soluciones a los chubutenses, dinamizar la econom\u00eda y generar puestos de trabajo directos e indirectos\u201d.&nbsp;<\/strong><\/p>\n\n\n\n<p>Asimismo, el titular del Ejecutivo asegur\u00f3 que el traspaso y la reactivaci\u00f3n de obras, solicitadas p\u00fablicamente ante el Gobierno Nacional, son \u201cimprescindibles para el desarrollo de Chubut, y por eso <strong>se har\u00e1n sin emitir un solo peso de deuda y con recursos de la provincia<\/strong>\u201d.<\/p>\n\n\n\n<p>\u201cEn solo 7 meses de gobierno, estamos logrando que los chubutenses vuelvan a creer en un &nbsp;Estado que ofrece soluciones\u201d, expres\u00f3 el mandatario y agreg\u00f3: \u201cNuestra prioridad es llegar con respuestas y cumplir con cada compromiso asumido\u201d.<\/p>\n\n\n\n<h3><strong>El acuerdo<\/strong><\/h3>\n\n\n\n<p>El acuerdo, firmado este lunes entre el gobernador Torres y el secretario Aybar&nbsp;habilita a la Provincia a ejecutar y dar continuidad a un importante n\u00famero de obras habitacionales comprendidas en los programas nacionales de Construcci\u00f3n de Viviendas (\u201c<em>Casa Propia \u2013 Construir Futuro<\/em>\u201d) y de Finalizaci\u00f3n de Viviendas (\u201c<em>Reconstruir<\/em>\u201d).<\/p>\n\n\n\n<p>Seg\u00fan consta en el texto, <strong>la firma responde a la necesidad de \u201ctrabajar en forma conjunta a los fines de adoptar medidas que permitan superar la situaci\u00f3n de emergencia creada por las excepcionales condiciones econ\u00f3micas y sociales que el pa\u00eds padece,<\/strong> compartiendo esfuerzos para alcanzar dicho objetivo\u201d.<\/p>\n\n\n\n<p>En ese marco, el Gobierno Nacional expresa la decisi\u00f3n de transferir a la Provincia \u201cel financiamiento de determinadas obras correspondientes a planes, programas y subprogramas vigentes en materia de vivienda social bajo su \u00f3rbita\u201d.<\/p>\n\n\n\n<p><strong>Chubut, en tanto, \u201cha manifestado su disposici\u00f3n y compromiso para asumir la responsabilidad aludida, reconociendo la importancia de garantizar la continuidad, eficiencia y financiaci\u00f3n pendiente, para la ejecuci\u00f3n de los proyectos de vivienda en curso y acceso al suelo, as\u00ed como el cumplimiento de los plazos y est\u00e1ndares de calidad establecidos en los convenios de financiamiento respectivos y manuales y reglamentos que rigen para los mencionados programas\u201d.<\/strong><\/p>\n\n\n\n<p><strong>Fuente: www.elchubut.com.ar<\/strong><\/p>\n","protected":false},"excerpt":{"rendered":"<p>El gobernador Ignacio Torres confirm\u00f3 que el Ejecutivo provincial afrontar\u00e1 con fondos propios la continuidad y financiaci\u00f3n de m\u00e1s de 200 soluciones habitacionales paralizadas desde hace meses, las cuales se encuentran incluidas en los programas nacionales\u00a0Casa Propia\u00a0(ProCreAr) y\u00a0Reconstruir. La autorizaci\u00f3n para ejecutar y finalizar las obras, inicialmente a cargo del Gobierno Nacional, fue otorgada a [&hellip;]<\/p>\n","protected":false},"author":5,"featured_media":4322,"comment_status":"open","ping_status":"open","sticky":false,"template":"","format":"standard","meta":[],"categories":[14],"tags":[],"_links":{"self":[{"href":"https:\/\/politicapatagonica.com\/index.php\/wp-json\/wp\/v2\/posts\/4321"}],"collection":[{"href":"https:\/\/politicapatagonica.com\/index.php\/wp-json\/wp\/v2\/posts"}],"about":[{"href":"https:\/\/politicapatagonica.com\/index.php\/wp-json\/wp\/v2\/types\/post"}],"author":[{"embeddable":true,"href":"https:\/\/politicapatagonica.com\/index.php\/wp-json\/wp\/v2\/users\/5"}],"replies":[{"embeddable":true,"href":"https:\/\/politicapatagonica.com\/index.php\/wp-json\/wp\/v2\/comments?post=4321"}],"version-history":[{"count":2,"href":"https:\/\/politicapatagonica.com\/index.php\/wp-json\/wp\/v2\/posts\/4321\/revisions"}],"predecessor-version":[{"id":4326,"href":"https:\/\/politicapatagonica.com\/index.php\/wp-json\/wp\/v2\/posts\/4321\/revisions\/4326"}],"wp:featuredmedia":[{"embeddable":true,"href":"https:\/\/politicapatagonica.com\/index.php\/wp-json\/wp\/v2\/media\/4322"}],"wp:attachment":[{"href":"https:\/\/politicapatagonica.com\/index.php\/wp-json\/wp\/v2\/media?parent=4321"}],"wp:term":[{"taxonomy":"category","embeddable":true,"href":"https:\/\/politicapatagonica.com\/index.php\/wp-json\/wp\/v2\/categories?post=4321"},{"taxonomy":"post_tag","embeddable":true,"href":"https:\/\/politicapatagonica.com\/index.php\/wp-json\/wp\/v2\/tags?post=4321"}],"curies":[{"name":"wp","href":"https:\/\/api.w.org\/{rel}","templated":true}]}}