{"id":4311,"date":"2024-07-18T22:23:22","date_gmt":"2024-07-18T22:23:22","guid":{"rendered":"https:\/\/politicapatagonica.com\/?p=4311"},"modified":"2024-07-22T14:15:14","modified_gmt":"2024-07-22T14:15:14","slug":"paritaria-el-gobernador-de-rio-negro-adelanto-la-nueva-propuesta","status":"publish","type":"post","link":"https:\/\/politicapatagonica.com\/index.php\/2024\/07\/18\/paritaria-el-gobernador-de-rio-negro-adelanto-la-nueva-propuesta\/","title":{"rendered":"Paritaria docente: el gobernador de R\u00edo Negro adelant\u00f3 la nueva propuesta salarial"},"content":{"rendered":"\n<p>La UnTER espera que <strong>el Gobierno haga una propuesta que satisfaga los reclamos que vienen realizando los docentes en materia salarial y condiciones laborales, para llevar al Congreso la oferta y determinar si es aceptada o se define un nuevo esquema de lucha que podr\u00edan incluir paros.<\/strong><\/p>\n\n\n\n<p>Mientras se produce el encuentro en la Secretar\u00eda de Trabajo,<strong> Alberto Weretilneck <\/strong>adelant\u00f3 en Bariloche la propuesta que realizar\u00e1 el Ministerio de Educaci\u00f3n y Derechos Humanos.<\/p>\n\n\n\n<p>&#8220;Hoy vamos a plantear los <strong>30 mil pesos <\/strong>m\u00e1s un importe que haga que ning\u00fan docente inicial de 4 horas cobre menos que un portero. No m\u00e1s que eso, eso es lo que podemos hacer&#8221;, sostuvo.<\/p>\n\n\n\n<p>Y agreg\u00f3: <strong>&#8220;El tema es complejo, uno entiende que los salarios no alcanzan, de nadie, el trabajador de comercio, gastron\u00f3mico, cualquier persona que trabaje y tenga un empleo, el deterioro del salario es real&#8221;. No cuestiono el reclamo por pretender &#8220;ganar m\u00e1s<\/strong>&#8221; indic\u00f3, no obstante, insisti\u00f3 en que <strong>los salarios docentes de R\u00edo Negro son los mejores salarios del pa\u00eds.<\/strong><\/p>\n\n\n\n<p>Ayer, la secretaria general de la UnTER, Silvana Inostroza, se quej\u00f3 por la oferta realizada en la \u00faltima paritaria y la estrategia del Gobierno de plantear un cuarto intermedio hasta hoy.<strong> &#8220;Es para que no podamos tener nuestro Congreso a tiempo de definir medidas&#8221; <\/strong>se quej\u00f3<strong>, &#8220;tienen la intencionalidad de acorralarnos&#8221;.<\/strong><\/p>\n\n\n\n<p>&#8220;No dejan tiempo para informar con anticipaci\u00f3n una medida, ellos mismos propician este escenario. \u00bfEstaban de vacaciones la semana pasada? \u00bfPor qu\u00e9 no formularon una propuesta?&#8221;, expres\u00f3.<\/p>\n\n\n\n<p>Sin embargo,<strong> Inostroza defini\u00f3: &#8220;por supuesto tomaremos medidas de fuerza y ser\u00e1 absoluta responsabilidad de Ministerio de Educaci\u00f3n&#8221; <\/strong>si la propuesta de hoy es insuficiente.<\/p>\n\n\n\n<p><strong>Fuente: adnrionegro.com.ar<\/strong><\/p>\n","protected":false},"excerpt":{"rendered":"<p>La UnTER espera que el Gobierno haga una propuesta que satisfaga los reclamos que vienen realizando los docentes en materia salarial y condiciones laborales, para llevar al Congreso la oferta y determinar si es aceptada o se define un nuevo esquema de lucha que podr\u00edan incluir paros. Mientras se produce el encuentro en la Secretar\u00eda [&hellip;]<\/p>\n","protected":false},"author":5,"featured_media":4313,"comment_status":"open","ping_status":"open","sticky":false,"template":"","format":"standard","meta":[],"categories":[13],"tags":[],"_links":{"self":[{"href":"https:\/\/politicapatagonica.com\/index.php\/wp-json\/wp\/v2\/posts\/4311"}],"collection":[{"href":"https:\/\/politicapatagonica.com\/index.php\/wp-json\/wp\/v2\/posts"}],"about":[{"href":"https:\/\/politicapatagonica.com\/index.php\/wp-json\/wp\/v2\/types\/post"}],"author":[{"embeddable":true,"href":"https:\/\/politicapatagonica.com\/index.php\/wp-json\/wp\/v2\/users\/5"}],"replies":[{"embeddable":true,"href":"https:\/\/politicapatagonica.com\/index.php\/wp-json\/wp\/v2\/comments?post=4311"}],"version-history":[{"count":4,"href":"https:\/\/politicapatagonica.com\/index.php\/wp-json\/wp\/v2\/posts\/4311\/revisions"}],"predecessor-version":[{"id":4319,"href":"https:\/\/politicapatagonica.com\/index.php\/wp-json\/wp\/v2\/posts\/4311\/revisions\/4319"}],"wp:featuredmedia":[{"embeddable":true,"href":"https:\/\/politicapatagonica.com\/index.php\/wp-json\/wp\/v2\/media\/4313"}],"wp:attachment":[{"href":"https:\/\/politicapatagonica.com\/index.php\/wp-json\/wp\/v2\/media?parent=4311"}],"wp:term":[{"taxonomy":"category","embeddable":true,"href":"https:\/\/politicapatagonica.com\/index.php\/wp-json\/wp\/v2\/categories?post=4311"},{"taxonomy":"post_tag","embeddable":true,"href":"https:\/\/politicapatagonica.com\/index.php\/wp-json\/wp\/v2\/tags?post=4311"}],"curies":[{"name":"wp","href":"https:\/\/api.w.org\/{rel}","templated":true}]}}