{"id":4303,"date":"2024-07-17T22:27:41","date_gmt":"2024-07-17T22:27:41","guid":{"rendered":"https:\/\/politicapatagonica.com\/?p=4303"},"modified":"2024-07-18T09:43:23","modified_gmt":"2024-07-18T09:43:23","slug":"melella-y-francos-acordaron-el-envio-de-fondos-para-reactivar-obras","status":"publish","type":"post","link":"https:\/\/politicapatagonica.com\/index.php\/2024\/07\/17\/melella-y-francos-acordaron-el-envio-de-fondos-para-reactivar-obras\/","title":{"rendered":"Volver\u00e1n a llegar fondos de la Naci\u00f3n para reactivar obras p\u00fablicas en Tierra del Fuego"},"content":{"rendered":"\n<p>Tras intensas gestiones ante Naci\u00f3n, <strong>el gobernador Gustavo Melella<\/strong> <strong>consigui\u00f3 destrabar el env\u00edo de recursos<\/strong> para retomar una serie de obras en la provincia al igual que la construcci\u00f3n de unas 500 viviendas, que hab\u00edan quedado paralizadas ante la falta de financiamiento.<\/p>\n\n\n\n<p>Esto qued\u00f3 plasmado en\u00a0<strong>convenios que firm\u00f3 el mandatario fueguino en un encuentro que se desarroll\u00f3 en Casa Rosada, junto al Jefe de Gabinete, Guillermo Francos,<\/strong>\u00a0del que adem\u00e1s tom\u00f3 parte la ministra de Obras y Servicios P\u00fablicos,<strong>\u00a0Gabriela Castillo,<\/strong>\u00a0y el secretario de Representaci\u00f3n Oficial en Buenos Aires,<strong>\u00a0Maximiliano D\u2019Alessio.<\/strong><br><strong>\u201cSon obras importantes para Tierra del Fuego, que hab\u00edamos planteado para mejorar la calidad de vida para muchos vecinos de nuestra provincia\u201d,\u00a0<\/strong>sostuvo el Gobernador luego del encuentro, oportunidad en la que agradeci\u00f3\u00a0<strong>\u201cal Gobierno nacional, que a trav\u00e9s de la Secretar\u00eda de Obras P\u00fablicas se generaron estos convenios despu\u00e9s de m\u00e1s de cuatro meses de trabajo\u201d.<\/strong><\/p>\n\n\n\n<p>El gobernador felicit\u00f3 al equipo del Ministerio de Obras y Servicios P\u00fablicos\u00a0<strong>\u201cpor la dedicaci\u00f3n y firmeza en lograr los mejores convenios posibles que permitir\u00e1n reactivar estas obras, que nos permitir\u00e1 adem\u00e1s recuperar parte del empleo perdido en el sector de la construcci\u00f3n\u201d.<\/strong><\/p>\n\n\n\n<p><strong>\u201cSeguimos trabajando para que se reactiven todas las obras a lo largo y ancho de nuestro pa\u00eds, y sobre todo se reactive la construcci\u00f3n de viviendas que miles de argentinos, fueguinas y fueguinos esperan y hoy se necesitan imperiosamente\u201d,\u00a0<\/strong>insisti\u00f3 Melella.<\/p>\n\n\n\n<p>Las viviendas que se estar\u00e1n reactivando presentan diversos grados de avances y pertenecen al Programa Casa Propia, distribuidas en Ushuaia y R\u00edo Grande, en su mayor\u00eda paralizadas por el no env\u00edo de fondos para sus certificaciones y ahora, gracias a un esfuerzo compartido entre la provincia y Naci\u00f3n se estar\u00e1n retomando luego de la veda invernal.<\/p>\n\n\n\n<p>En el caso de las obras p\u00fablicas,<strong>\u00a0se trata de un grupo de obras que se consigui\u00f3 que Naci\u00f3n las incluya para continuar con el financiamiento dado su grado su importancia y avance,\u00a0<\/strong>con lo cual se estar\u00eda regularizando los pagos de los certificados de obra, junto con sus actualizaciones.<\/p>\n\n\n\n<p>Se trata de obras que provienen de distintos organismos nacionales como\u00a0<strong>Enhosa, Vialidad Nacional, Recursos H\u00eddricos, y otro grupo de frentes\u00a0<\/strong>provenientes del Ministerio de Educaci\u00f3n de la Naci\u00f3n para reforzar la infraestructura educativa en la provincia.<\/p>\n\n\n\n<p><strong>Fuente: www.eldiarioweb.com<\/strong><\/p>\n","protected":false},"excerpt":{"rendered":"<p>Tras intensas gestiones ante Naci\u00f3n, el gobernador Gustavo Melella consigui\u00f3 destrabar el env\u00edo de recursos para retomar una serie de obras en la provincia al igual que la construcci\u00f3n de unas 500 viviendas, que hab\u00edan quedado paralizadas ante la falta de financiamiento. Esto qued\u00f3 plasmado en\u00a0convenios que firm\u00f3 el mandatario fueguino en un encuentro que [&hellip;]<\/p>\n","protected":false},"author":5,"featured_media":4304,"comment_status":"open","ping_status":"open","sticky":false,"template":"","format":"standard","meta":[],"categories":[11],"tags":[],"_links":{"self":[{"href":"https:\/\/politicapatagonica.com\/index.php\/wp-json\/wp\/v2\/posts\/4303"}],"collection":[{"href":"https:\/\/politicapatagonica.com\/index.php\/wp-json\/wp\/v2\/posts"}],"about":[{"href":"https:\/\/politicapatagonica.com\/index.php\/wp-json\/wp\/v2\/types\/post"}],"author":[{"embeddable":true,"href":"https:\/\/politicapatagonica.com\/index.php\/wp-json\/wp\/v2\/users\/5"}],"replies":[{"embeddable":true,"href":"https:\/\/politicapatagonica.com\/index.php\/wp-json\/wp\/v2\/comments?post=4303"}],"version-history":[{"count":2,"href":"https:\/\/politicapatagonica.com\/index.php\/wp-json\/wp\/v2\/posts\/4303\/revisions"}],"predecessor-version":[{"id":4310,"href":"https:\/\/politicapatagonica.com\/index.php\/wp-json\/wp\/v2\/posts\/4303\/revisions\/4310"}],"wp:featuredmedia":[{"embeddable":true,"href":"https:\/\/politicapatagonica.com\/index.php\/wp-json\/wp\/v2\/media\/4304"}],"wp:attachment":[{"href":"https:\/\/politicapatagonica.com\/index.php\/wp-json\/wp\/v2\/media?parent=4303"}],"wp:term":[{"taxonomy":"category","embeddable":true,"href":"https:\/\/politicapatagonica.com\/index.php\/wp-json\/wp\/v2\/categories?post=4303"},{"taxonomy":"post_tag","embeddable":true,"href":"https:\/\/politicapatagonica.com\/index.php\/wp-json\/wp\/v2\/tags?post=4303"}],"curies":[{"name":"wp","href":"https:\/\/api.w.org\/{rel}","templated":true}]}}