{"id":4300,"date":"2024-07-17T22:23:33","date_gmt":"2024-07-17T22:23:33","guid":{"rendered":"https:\/\/politicapatagonica.com\/?p=4300"},"modified":"2024-07-18T09:37:50","modified_gmt":"2024-07-18T09:37:50","slug":"el-rigi-pampeano-ya-beneficio-a-mas-de-9-800-pymes","status":"publish","type":"post","link":"https:\/\/politicapatagonica.com\/index.php\/2024\/07\/17\/el-rigi-pampeano-ya-beneficio-a-mas-de-9-800-pymes\/","title":{"rendered":"El RIGI pampeano ya benefici\u00f3 a m\u00e1s de 9.800 empresas pymes"},"content":{"rendered":"\n<p>El directivo ejecutivo de la <strong>Agencia Provincia I-Comex, Sebasti\u00e1n Lastiri, afirm\u00f3 que en La Pampa ya existe el R\u00e9gimen de Incentivo de Inversiones Pampeano y que alcanz\u00f3 a m\u00e1s de 9 mil empresas Pymes que invierten en la provincia, con beneficios fiscales, financieros y de infraestructura, y confirm\u00f3 que el Ejecutivo pampeano no adherir\u00e1 al RIGI nacional.<\/strong><\/p>\n\n\n\n<p>&#8220;Tenemos desde 2020 el gobernador Ziliotto y la Legislatura aprobaron una ley de incentivos fiscales y un sistema de promoci\u00f3n de inversiones, que saca la palabra grandes, porque es un error tomar medidas que dejen afuera a las Pymes y favorezca solo a las grandes inversiones&#8221;, afirm\u00f3 Lastiri.<\/p>\n\n\n\n<p>A diferencia del RIGI de Milei, dijo que <strong>el sistema pampeano &#8220;incorpora la promoci\u00f3n para empresas peque\u00f1as, medianas o grandes que quieran invertir en La Pampa y tenemos un conjunto de herramientas como beneficios en incentivos a trav\u00e9s de cr\u00e9dito fiscal, la vinculaci\u00f3n con el Banco de La Pampa con financiamiento de mediano y largo plazo orientado al desarrollo de las Pymes y generaci\u00f3n de empleo, un sistema de garant\u00eda p\u00fablico y un complejo de infraestructura productiva como parques industriales y zona franca que facilita la radicaci\u00f3n&#8221;.<\/strong><\/p>\n\n\n\n<p>Sobre el programa, <strong>el economista destac\u00f3 el &#8220;trabajo conjunto entre el sector p\u00fablico y el privado, a diferencia del RIGI nacional que delega pr\u00e1cticamente el Ministerio de Econom\u00eda en las grandes corporaciones&#8221;.<\/strong> En ese sentido, confirm\u00f3 que el gobierno de La Pampa no adherir\u00e1 a r\u00e9gimen nacional, porque &#8220;pone un sistema de prioridades de acceso a los recursos naturales que no solamente queda atada la prioridad al recursos espec\u00edfico y otros recursos vinculados necesarios y en caso de diferencias te pone a litigar en organismos nacionales que atienden antes los intereses de las corporaciones antes que los intereses de los ciudadanos&#8221;.<\/p>\n\n\n\n<p>Beneficios a inversiones.<\/p>\n\n\n\n<p>Lastiri insisti\u00f3 en que &#8220;a diferencia del RIGI, porque <strong>no solo favorece a los grandes sino tambi\u00e9n atender las necesidades de las Pymes, no caer en la primarizaci\u00f3n de la econom\u00eda, porque el RIGI le da incentivos a quienes no los necesitan como el petr\u00f3leo, el gas, el sector extractivista<\/strong>, pueden necesitar alguna estabilidad de largo plazo, la experiencia internacional habla de entre 5 y 10 a\u00f1os en el caso de nuestra ley pero ac\u00e1 hablan de 30 a\u00f1os, comprometiendo a generaciones futuras&#8221;.<\/p>\n\n\n\n<p>&#8220;Por nuestro r\u00e9gimen provincial 9.832 <strong>Pymes pampeanas ya pudieron tomar cr\u00e9ditos fiscales que funcionan como reducci\u00f3n de los impuestos que pagan, la industria paga 0% impuesto en La Pampa<\/strong> y el r\u00e9gimen de inversiones logr\u00f3 que se duplique la producci\u00f3n en Casa de Piedra y la reactivaci\u00f3n de la ex planta Montenegro y Calzar&#8221;, sigui\u00f3.<\/p>\n\n\n\n<p>El directivo plante\u00f3 que &#8220;como en toda pol\u00edtica p\u00fablica nuestra mirada, m\u00e1s all\u00e1 de la promoci\u00f3n de inversiones, es mejorar la calidad de vida de la gente y eso se hace con desarrollo de las Pymes y la generaci\u00f3n de empleo en cada lugar&#8221;.<\/p>\n\n\n\n<p>Adem\u00e1s, plante\u00f3 que &#8220;los ejes del r\u00e9gimen de incentivo pampeano tienen que ver con la diversificaci\u00f3n de la matriz productiva, <strong>beneficiando a las actividades que son nuevas y requieren mayores inversiones <\/strong>y acompa\u00f1amiento del Estado y que no compitan o destruyan a las actividades que ya est\u00e1n, agregando valor en el territorio&#8221;.<\/p>\n\n\n\n<p>El economista Lastiri afirm\u00f3 que <strong>&#8220;las empresas que cumplen con sus obligaciones y siguen apostando invirtiendo en La Pampa tienen una menor al\u00edcuota que se materializa por cr\u00e9ditos fiscales, pagan menos impuestos. Y despu\u00e9s se hicieron desarrollos con la ex Calzar y Montenegro se agregaron herramientas de apoyo a la generaci\u00f3n de empleo&#8221;.<\/strong><\/p>\n\n\n\n<p><strong>Fuente: www.laarena.com.ar<\/strong><\/p>\n","protected":false},"excerpt":{"rendered":"<p>El directivo ejecutivo de la Agencia Provincia I-Comex, Sebasti\u00e1n Lastiri, afirm\u00f3 que en La Pampa ya existe el R\u00e9gimen de Incentivo de Inversiones Pampeano y que alcanz\u00f3 a m\u00e1s de 9 mil empresas Pymes que invierten en la provincia, con beneficios fiscales, financieros y de infraestructura, y confirm\u00f3 que el Ejecutivo pampeano no adherir\u00e1 al [&hellip;]<\/p>\n","protected":false},"author":5,"featured_media":4301,"comment_status":"open","ping_status":"open","sticky":false,"template":"","format":"standard","meta":[],"categories":[10],"tags":[],"_links":{"self":[{"href":"https:\/\/politicapatagonica.com\/index.php\/wp-json\/wp\/v2\/posts\/4300"}],"collection":[{"href":"https:\/\/politicapatagonica.com\/index.php\/wp-json\/wp\/v2\/posts"}],"about":[{"href":"https:\/\/politicapatagonica.com\/index.php\/wp-json\/wp\/v2\/types\/post"}],"author":[{"embeddable":true,"href":"https:\/\/politicapatagonica.com\/index.php\/wp-json\/wp\/v2\/users\/5"}],"replies":[{"embeddable":true,"href":"https:\/\/politicapatagonica.com\/index.php\/wp-json\/wp\/v2\/comments?post=4300"}],"version-history":[{"count":2,"href":"https:\/\/politicapatagonica.com\/index.php\/wp-json\/wp\/v2\/posts\/4300\/revisions"}],"predecessor-version":[{"id":4308,"href":"https:\/\/politicapatagonica.com\/index.php\/wp-json\/wp\/v2\/posts\/4300\/revisions\/4308"}],"wp:featuredmedia":[{"embeddable":true,"href":"https:\/\/politicapatagonica.com\/index.php\/wp-json\/wp\/v2\/media\/4301"}],"wp:attachment":[{"href":"https:\/\/politicapatagonica.com\/index.php\/wp-json\/wp\/v2\/media?parent=4300"}],"wp:term":[{"taxonomy":"category","embeddable":true,"href":"https:\/\/politicapatagonica.com\/index.php\/wp-json\/wp\/v2\/categories?post=4300"},{"taxonomy":"post_tag","embeddable":true,"href":"https:\/\/politicapatagonica.com\/index.php\/wp-json\/wp\/v2\/tags?post=4300"}],"curies":[{"name":"wp","href":"https:\/\/api.w.org\/{rel}","templated":true}]}}