{"id":4288,"date":"2024-07-16T00:15:27","date_gmt":"2024-07-16T00:15:27","guid":{"rendered":"https:\/\/politicapatagonica.com\/?p=4288"},"modified":"2024-07-16T21:09:17","modified_gmt":"2024-07-16T21:09:17","slug":"rolando-figueroa-respaldo-las-fiestas-populares-y-propuso-conciertos-en-puntos-emblematicos-de-neuquen","status":"publish","type":"post","link":"https:\/\/politicapatagonica.com\/index.php\/2024\/07\/16\/rolando-figueroa-respaldo-las-fiestas-populares-y-propuso-conciertos-en-puntos-emblematicos-de-neuquen\/","title":{"rendered":"Figueroa respald\u00f3 las fiestas populares y propuso conciertos en puntos emblem\u00e1ticos de Neuqu\u00e9n"},"content":{"rendered":"\n<p>Durante la presentaci\u00f3n del Plan Provincial de Cultura 2024, el gobernador de Neuqu\u00e9n,&nbsp;<strong>Rolando Figueroa,<\/strong>&nbsp;destac\u00f3 la importancia de sostener las<strong>&nbsp;fiestas populares<\/strong>&nbsp;tanto en la capital como en el&nbsp;interior de la provincia. Defendi\u00f3 la producci\u00f3n cultural de la regi\u00f3n y&nbsp;<strong>propuso aunar el arte neuquino con sus paisajes m\u00e1s emblem\u00e1ticos<\/strong>, como Los Bolillos o la residencia de El Messidor.<\/p>\n\n\n\n<p>&#8220;Equilibrar la provincia no es s\u00f3lo ordenar los n\u00fameros y recortar gastos innecesarios que eran parte de los abusos de la pol\u00edtica&#8221;, dijo durante el acto de presentaci\u00f3n. Y aclar\u00f3:<strong> &#8220;Poner las cosas en orden en la provincia es llevar lo que nos importa al lugar que debe estar, y la cultura es lo m\u00e1s importante porque somos nosotros mismos. Es rescatar nuestra historia, incluso nuestros padres y nuestros amigos&#8221;.<\/strong><\/p>\n\n\n\n<p>El subsecretario de Cultura de la provincia,&nbsp;<strong>Oscar Sarhan,&nbsp;<\/strong>detall\u00f3 los programas culturales que contin\u00faan y anunci\u00f3 nuevas l\u00edneas de fomento para apalancar el desarrollo cultural en todo el territorio provincial. As\u00ed, destac\u00f3 la posibilidad de &#8220;que las nuevas generaciones conecten con sus ra\u00edces y su propia historia, con la cultura como el hilo conductor&#8221;.<\/p>\n\n\n\n<p>A los programas vigentes de formaci\u00f3n nuevos espectadores, orquestas infantiles y juveniles, los programas del Museo y el Archivo va a la escuela, los juegos culturales regionales y los ciclos de capacitaci\u00f3n se sum\u00f3 un fuerte respaldo a las fiestas populares. El funcionario destac\u00f3 que en lo que va de la gesti\u00f3n&nbsp;<strong>ya se realizaron 72 festivales en el interior<\/strong>&nbsp;de Neuqu\u00e9n, incluso cuando las autoridades nacionales criticaron estos eventos por considerarlos gastos superfluos.<\/p>\n\n\n\n<p>En ese sentido, <strong>Sarhan respald\u00f3 la postura de Figueroa,<\/strong> que consider\u00f3 que pensar en los programas culturales s\u00f3lo como un gasto o un mero presupuesto es una mirada miope. &#8220;<strong>La cultura es una inversi\u00f3n y nunca un gasto,<\/strong> es el capital que siempre nos va a terminar quedando&#8221;, se\u00f1al\u00f3 el gobernador y agreg\u00f3:&nbsp;<strong>&#8220;Buscamos monetizar el subsuelo para ir al desarrollo pero tambi\u00e9n para defender lo que somos&#8221;.<\/strong><\/p>\n\n\n\n<p><strong>A futuro, el programa prev\u00e9 la realizaci\u00f3n de nuevos festivales, como el del Bosque en Huinganco, el de Alto Fondo en Buta Ranquil. que hace foco en la geolog\u00eda, el festival de la Ufolog\u00eda en Las Ovejas y el festival Corto Circuito, de cortos de cine, en el norte la provincia<\/strong>. En su repaso por los distintos eventos, destac\u00f3 c\u00f3mo las comunidades locales se apropian de sus propias ra\u00edces para convertirlas en un momento de encuentro y tambi\u00e9n en una atracci\u00f3n tur\u00edstica, lo que fortalece el arraigo y el orgullo por sus propias costumbres.<\/p>\n\n\n\n<p>Por su parte, la ministra de&nbsp;<strong>Desarrollo Humano, Gobiernos Locales y Mujeres, Julieta Corroza,&nbsp;<\/strong>destac\u00f3 la importancia de generar un equilibrio territorial a trav\u00e9s de estos festivales, por lo que agradeci\u00f3 la presencia de los intendentes durante la presentaci\u00f3n del Plan Provincial de Cultura. Por eso, aclar\u00f3 que van a trabajar para defender las fiestas populares en el interior, adem\u00e1s de la Fiesta Nacional de la Confluencia, de Neuqu\u00e9n capital.<\/p>\n\n\n\n<p>Ante la demanda de sostener una administraci\u00f3n m\u00e1s austera de los recursos p\u00fablicos, se\u00f1al\u00f3 que las fiestas van a sostenerse pero con una optimizaci\u00f3n de los recursos a trav\u00e9s de la administraci\u00f3n eficiente. Dio como ejemplo el Festival del Chef, en Villa Pehuenia, que tuvo costo cero para la Provincia y el Municipio, a trav\u00e9s de un sistema de pr\u00e9stamos y la rifa de una camioneta, que permiti\u00f3 sostener el evento con el aporte de los propios visitantes.<\/p>\n\n\n\n<p>Tanto <strong>Corroza o Sarhan coincidieron en que la inversi\u00f3n que hace el Estado para este Plan Cultural, del orden de los 400 millones de pesos<\/strong>, excede los presupuestos.&nbsp;<strong>&#8220;Buscamos fortalecer el tejido social, que la gente ame su cultura, que se quede en los pueblos, que no se vayan&#8221;<\/strong>, dijo el subsecretario, que consider\u00f3 que quedarse en un n\u00famero &#8220;es algo chiquito&#8221;. La ministra coincidi\u00f3 en el valor que tienen estos programas para mostrar el acervo cultural de la provincia y generar espacios de encuentro entre productores, visitantes y vecinos.<\/p>\n\n\n\n<p>En ese contexto,<strong> Figueroa destac\u00f3 la necesidad de visibilizar a los artistas locales<\/strong>. &#8220;Est\u00e1 bueno que vengan artistas que muchos no pueden ver de otra forma porque no tienen acceso pero lo importante es mostrar a nuestros artistas&#8221;, dijo el gobernador ante el aplauso de los presentes. As\u00ed, propuso<strong>&nbsp;&#8220;que nuestros artistas toquen en escenarios naturales, tener un concierto en Los Bolillos, en las bardas o abrir El Messidor para conciertos&#8221;.<\/strong><\/p>\n\n\n\n<p><strong>&#8220;Defender la neuquinidad es defender nuestro cine, nuestra historia, lo que nos pasa&#8221;,<\/strong>&nbsp;dijo y agreg\u00f3: &#8220;Estamos orgullosos del mapuche y del que ha llegado hoy, pero queremos ponerlo de pie de forma constructiva, el Estado debe estar al lado del que m\u00e1s necesita y no abusar de \u00e9l&#8221;.<\/p>\n\n\n\n<h2>Herramientas para fortalecer al arte local<\/h2>\n\n\n\n<p>El subsecretario de Cultura de la provincia,&nbsp;<strong>Oscar Sarhan, tambi\u00e9n se refiri\u00f3 a la importancia de desarrollar los rasgos identitarios de los neuquinos para fortalecer el tejido social y generar m\u00e1s arraigo.&nbsp;<\/strong>Por eso, present\u00f3 una serie de herramientas, como el Cine M\u00f3vil o el Estudio de Grabaci\u00f3n M\u00f3vil, que le dan voz a los habitantes de parajes alejados que quieren contar sus propias historias.<\/p>\n\n\n\n<p>A esos programas se suman los espacios culturales, que abren la posibilidad de redescubrir la historia o encontrarse con expresiones art\u00edsticas de forma permanente y con el valor puesto en la expresi\u00f3n art\u00edstica. De este modo, <strong>destac\u00f3 que se avanza en proyectos de ley para crear tabularios que permitan que los teatristas y artistas visuales cobren por su trabajo.<\/strong><\/p>\n\n\n\n<p><strong>&#8220;Decir que un artista no trabaja qued\u00f3 retro. Un artista es un trabajador&#8221;,&nbsp;<\/strong>dijo y agreg\u00f3 que estos proyectos buscan valorar a los artistas que &#8220;echan a andar la rueda de las exposiciones. Si no, termina ganando el galerista, el de la puerta, el de las bebidas, y no el artista que da sentido a la exposici\u00f3n&#8221;.<\/p>\n\n\n\n<p><strong>Fuente: www.lmneuquen.com<\/strong><\/p>\n","protected":false},"excerpt":{"rendered":"<p>Durante la presentaci\u00f3n del Plan Provincial de Cultura 2024, el gobernador de Neuqu\u00e9n,&nbsp;Rolando Figueroa,&nbsp;destac\u00f3 la importancia de sostener las&nbsp;fiestas populares&nbsp;tanto en la capital como en el&nbsp;interior de la provincia. Defendi\u00f3 la producci\u00f3n cultural de la regi\u00f3n y&nbsp;propuso aunar el arte neuquino con sus paisajes m\u00e1s emblem\u00e1ticos, como Los Bolillos o la residencia de El Messidor. [&hellip;]<\/p>\n","protected":false},"author":5,"featured_media":4289,"comment_status":"open","ping_status":"open","sticky":false,"template":"","format":"standard","meta":[],"categories":[9],"tags":[],"_links":{"self":[{"href":"https:\/\/politicapatagonica.com\/index.php\/wp-json\/wp\/v2\/posts\/4288"}],"collection":[{"href":"https:\/\/politicapatagonica.com\/index.php\/wp-json\/wp\/v2\/posts"}],"about":[{"href":"https:\/\/politicapatagonica.com\/index.php\/wp-json\/wp\/v2\/types\/post"}],"author":[{"embeddable":true,"href":"https:\/\/politicapatagonica.com\/index.php\/wp-json\/wp\/v2\/users\/5"}],"replies":[{"embeddable":true,"href":"https:\/\/politicapatagonica.com\/index.php\/wp-json\/wp\/v2\/comments?post=4288"}],"version-history":[{"count":2,"href":"https:\/\/politicapatagonica.com\/index.php\/wp-json\/wp\/v2\/posts\/4288\/revisions"}],"predecessor-version":[{"id":4298,"href":"https:\/\/politicapatagonica.com\/index.php\/wp-json\/wp\/v2\/posts\/4288\/revisions\/4298"}],"wp:featuredmedia":[{"embeddable":true,"href":"https:\/\/politicapatagonica.com\/index.php\/wp-json\/wp\/v2\/media\/4289"}],"wp:attachment":[{"href":"https:\/\/politicapatagonica.com\/index.php\/wp-json\/wp\/v2\/media?parent=4288"}],"wp:term":[{"taxonomy":"category","embeddable":true,"href":"https:\/\/politicapatagonica.com\/index.php\/wp-json\/wp\/v2\/categories?post=4288"},{"taxonomy":"post_tag","embeddable":true,"href":"https:\/\/politicapatagonica.com\/index.php\/wp-json\/wp\/v2\/tags?post=4288"}],"curies":[{"name":"wp","href":"https:\/\/api.w.org\/{rel}","templated":true}]}}