{"id":4284,"date":"2024-07-12T23:00:29","date_gmt":"2024-07-12T23:00:29","guid":{"rendered":"https:\/\/politicapatagonica.com\/?p=4284"},"modified":"2024-07-12T23:00:29","modified_gmt":"2024-07-12T23:00:29","slug":"melella-no-voy-a-aplaudir-a-nadie-para-conseguir-fondos","status":"publish","type":"post","link":"https:\/\/politicapatagonica.com\/index.php\/2024\/07\/12\/melella-no-voy-a-aplaudir-a-nadie-para-conseguir-fondos\/","title":{"rendered":"Melella: \u201cNo voy a aplaudir a nadie para conseguir fondos\u201d"},"content":{"rendered":"\n<p><strong>El gobernador provincial explic\u00f3 las razones<\/strong> por las que no firm\u00f3 el documento y afirm\u00f3 que <strong>\u201cel d\u00eda que no tengamos plata se lo dir\u00e9 a la poblaci\u00f3n porque no me voy a desesperar en salir a aplaudir a nadie\u201d.<\/strong> El mandatario denunci\u00f3 tambi\u00e9n conductas de tinte extorsivo: \u201cEl d\u00eda que no tengamos plata se lo dir\u00e9 a la poblaci\u00f3n. Si quieren frenarnos, que lo intenten, no hay problema\u2026\u201d.<\/p>\n\n\n\n<p><strong>Al igual que los gobernadores Axel Kicillof, de Buenos Aires; Gildo Insfr\u00e1n, de Formosa; Ricardo Quintela, de La Rioja; Sergio Ziliotto, de La Pampa y Claudio Vidal, de Santa Cruz, Gustavo Melella rehus\u00f3 la invitaci\u00f3n formal del titular del Ejecutivo Nacional a adherir al retrasado \u201cPacto de Mayo\u201d, que se firm\u00f3 el 9 de julio finalmente en Tucum\u00e1n.<\/strong><\/p>\n\n\n\n<p>Cada uno de l<strong>os seis mandatarios expuso las razones por las que pegaron el faltazo a la convocatoria<\/strong>. En el caso del mandatario fueguino, al ser consultado por los medios de prensa, no tuvo reparos en manifestar \u2013 sin pelos en la lengua \u2013 que no se prestar\u00eda a ning\u00fan tipo de presi\u00f3n de tinte extorsivo.<\/p>\n\n\n\n<p><strong>En la gobernaci\u00f3n fueguina los \u00e1nimos est\u00e1n recalentados ante la dr\u00e1stica suspensi\u00f3n de fondos para la culminaci\u00f3n de numerosas obras p\u00fablicas. \u201cNo entiendo el motivo de pisarnos los fondos \u00bfEs una represalia?<\/strong> Bueno, ya lo dije claramente <strong>&#8220;por las buenas, todo, por las malas y con presi\u00f3n, nada\u2019&#8221;<\/strong> A nosotros nos tienen pisados nada menos que los fondos para la generaci\u00f3n de la nueva central el\u00e9ctrica de Ushuaia, con todo lo que ello significa\u201d \u2013 consign\u00f3 Melella.<\/p>\n\n\n\n<p><strong>\u201cTodos vemos c\u00f3mo se est\u00e1n perdiendo puestos de trabajo, crece la pobreza y nos congelan fondos. Uno de los puntos del \u201cpacto\u201d se refer\u00eda a la coparticipaci\u00f3n y establec\u00eda que se tiene que terminar con la extorsi\u00f3n a las provincias, pero es el Gobierno nacional el que la distribuye<\/strong>\u2026. Hablaba en otro \u00edtem de bajar el d\u00e9ficit \u00bfQu\u00e9 significa eso?, \u00bfQu\u00e9 cada vez se entreguen menos remedios a los enfermos cr\u00f3nicos?, \u00bfQu\u00e9 cada vez vayan menos recursos a las provincias?. Sigue hablando del ajuste, un ajuste que trae desocupaci\u00f3n, pobreza y ca\u00edda de la econom\u00eda\u201d.<\/p>\n\n\n\n<p>El gobernador fueguino continu\u00f3 criticando el esp\u00edritu del \u201cpacto\u201d ideado por Javier Milei: \u201cCoincido en que debe haber un gran acuerdo nacional, pero a trav\u00e9s del consenso. Los acuerdos se discuten antes de firmar porque nadie firma un contrato en blanco. Huelga decir que un acuerdo es entre dos partes. Varios gobernadores dijimos que no porque si se quiere refundar la patria y sacar adelante el pa\u00eds, como m\u00ednimo tiene que haber acuerdos, si no hablamos de t\u00edtulos vac\u00edos. <strong>Hay que tener cuidado, porque en nombre de la patria, de la unidad y de las fuerzas del cielo, no se pueden firmar contratos en blancos<\/strong>\u201d.<\/p>\n\n\n\n<p>El referente pol\u00edtico asegur\u00f3 tambi\u00e9n que \u201c<strong>este primer semestre del a\u00f1o fue dur\u00edsimo<\/strong> en t\u00e9rminos econ\u00f3micos y sociales. El Gobierno anterior hizo muchas cosas mal y ven\u00edamos de un proceso inflacionario grande. Realmente todo est\u00e1 muy dif\u00edcil. Igualmente seguimos avanzando muy bien en la industrializaci\u00f3n del gas, el puerto de R\u00edo Grande y las inversiones tur\u00edsticas en Ushuaia y Tolhuin. Esto llevar\u00e1 tiempo y generar\u00e1 empleo, pero al mismo tiempo hay que sostener las industrias electr\u00f3nicas y el comercio\u201d.<\/p>\n\n\n\n<p><strong>Para cerrar y sobre el delineado de nuevas pol\u00edticas que reactiven la econom\u00eda, Gustavo Melella revel\u00f3 que \u201cahora estamos trabajando en productos de exportaci\u00f3n para no depender m\u00e1s del mercado interno. Porque as\u00ed no vamos a ning\u00fan lado: no hay consumo\u201d.<\/strong><\/p>\n\n\n\n<p><strong>Fuente: www.diarioprensa.com.ar<\/strong><\/p>\n","protected":false},"excerpt":{"rendered":"<p>El gobernador provincial explic\u00f3 las razones por las que no firm\u00f3 el documento y afirm\u00f3 que \u201cel d\u00eda que no tengamos plata se lo dir\u00e9 a la poblaci\u00f3n porque no me voy a desesperar en salir a aplaudir a nadie\u201d. El mandatario denunci\u00f3 tambi\u00e9n conductas de tinte extorsivo: \u201cEl d\u00eda que no tengamos plata se [&hellip;]<\/p>\n","protected":false},"author":5,"featured_media":4285,"comment_status":"open","ping_status":"open","sticky":false,"template":"","format":"standard","meta":[],"categories":[11],"tags":[],"_links":{"self":[{"href":"https:\/\/politicapatagonica.com\/index.php\/wp-json\/wp\/v2\/posts\/4284"}],"collection":[{"href":"https:\/\/politicapatagonica.com\/index.php\/wp-json\/wp\/v2\/posts"}],"about":[{"href":"https:\/\/politicapatagonica.com\/index.php\/wp-json\/wp\/v2\/types\/post"}],"author":[{"embeddable":true,"href":"https:\/\/politicapatagonica.com\/index.php\/wp-json\/wp\/v2\/users\/5"}],"replies":[{"embeddable":true,"href":"https:\/\/politicapatagonica.com\/index.php\/wp-json\/wp\/v2\/comments?post=4284"}],"version-history":[{"count":1,"href":"https:\/\/politicapatagonica.com\/index.php\/wp-json\/wp\/v2\/posts\/4284\/revisions"}],"predecessor-version":[{"id":4286,"href":"https:\/\/politicapatagonica.com\/index.php\/wp-json\/wp\/v2\/posts\/4284\/revisions\/4286"}],"wp:featuredmedia":[{"embeddable":true,"href":"https:\/\/politicapatagonica.com\/index.php\/wp-json\/wp\/v2\/media\/4285"}],"wp:attachment":[{"href":"https:\/\/politicapatagonica.com\/index.php\/wp-json\/wp\/v2\/media?parent=4284"}],"wp:term":[{"taxonomy":"category","embeddable":true,"href":"https:\/\/politicapatagonica.com\/index.php\/wp-json\/wp\/v2\/categories?post=4284"},{"taxonomy":"post_tag","embeddable":true,"href":"https:\/\/politicapatagonica.com\/index.php\/wp-json\/wp\/v2\/tags?post=4284"}],"curies":[{"name":"wp","href":"https:\/\/api.w.org\/{rel}","templated":true}]}}