{"id":4278,"date":"2024-07-11T23:21:23","date_gmt":"2024-07-11T23:21:23","guid":{"rendered":"https:\/\/politicapatagonica.com\/?p=4278"},"modified":"2024-07-12T21:58:50","modified_gmt":"2024-07-12T21:58:50","slug":"ziliotto-y-cuatro-gobernadores-recibieron-preocupante-diagnostico-economico","status":"publish","type":"post","link":"https:\/\/politicapatagonica.com\/index.php\/2024\/07\/11\/ziliotto-y-cuatro-gobernadores-recibieron-preocupante-diagnostico-economico\/","title":{"rendered":"Ziliotto y cuatro gobernadores recibieron preocupante diagn\u00f3stico econ\u00f3mico"},"content":{"rendered":"\n<p>El gobernador de La Pampa, <strong>Sergio Ziliotto,<\/strong> junto a sus pares de otras cuatro provincias recibieron de parte de la Confederaci\u00f3n de Sindicatos Industriales (<strong>Csira)<\/strong> un preocupante diagn\u00f3stico econ\u00f3mico. En las empresas hay alarma por la ca\u00edda en la actividad y del empleo; pesimismo por lo que podr\u00eda pasar en el pr\u00f3ximo semestre. <strong>\u201cEl 95% considera que en los pr\u00f3ximos seis meses la situaci\u00f3n estar\u00e1 mucho peor o moderadamente peor\u201d,<\/strong> se advirti\u00f3 en el documento que se present\u00f3.<\/p>\n\n\n\n<p>El encuentro se desarroll\u00f3 hoy en la sede del Smata, en Buenos Aires, y cont\u00f3 con la presencia de <strong>Axel Kicillof (Buenos Aires)<\/strong>,<strong> Gerardo Zamora (Santiago del Estero), Gustavo Mellella (Tierra del Fuego), Ricardo Quintela (La Rioja) y Sergio Ziliotto (La Pampa)<\/strong>. En el encuentro estuvo tambi\u00e9n el secretario general del<strong> Smata, Ricardo Pignanelli,<\/strong> y los sindicalistas <strong>Abel Furl\u00e1n (UOM), Gerardo Mart\u00ednez (Uocra), Hugo Ben\u00edtez (Textiles) y Walter Correa (Curtidores y ministro de Trabajo bonaerense).<\/strong><\/p>\n\n\n\n<p>La Confederaci\u00f3n de Sindicatos Industriales present\u00f3 un documento sobre la situaci\u00f3n de empresas y trabajadores de la actividad que proyecta un escenario alarmante.<strong> \u201cDel relevamiento, elaborado por 36 gremios entre 61.728 empresas de 18 sectores diferentes, surge que el 90% de las organizaciones indicaron que la situaci\u00f3n econ\u00f3mica de las empresas ha empeorado y que en el 80% de las compa\u00f1\u00edas se redujo personal, ya sea por despidos, suspensiones o jubilaciones anticipadas. Una radiograf\u00eda similar, aunque sin datos tan precisos sector por sector, le acerc\u00f3 un grupo de dirigentes de la CGT a por los menos tres funcionarios de la gesti\u00f3n de Javier Milei\u201d<\/strong>, a\u00f1adi\u00f3 el medio.<\/p>\n\n\n\n<p><strong>De los cinco gobernadores que asistieron al encuentro de hoy en la sede de los mec\u00e1nicos del Smata, solo uno de ellos suscribi\u00f3 al Pacto de Mayo al que convoc\u00f3 la semana pasada el Presidente. Se trata del santiague\u00f1o Zamora<\/strong>, quien con su presencia en Tucum\u00e1n puso en alerta al kirchnerismo, que lo considera un aliado. Los otros cuatro funcionarios provinciales no aceptaron las condiciones que impuso la Casa Rosada y se mantuvieron al margen de los diez puntos que Milei propuso firmar. \u201cHoy los gobernadores reaparecieron en tropa junto con un sector sindical que tiene la influencia y la capacidad de interceder en la interna de la CGT para forzar una medida de protesta contra el Gobierno\u201d.<\/p>\n\n\n\n<p><strong>Crisis preocupante.<\/strong><\/p>\n\n\n\n<p>El citado diario logr\u00f3 acceder al relevamiento que realiz\u00f3 la Confederaci\u00f3n. Entre los aspectos relevantes figura que <strong>\u201cel 90% de las organizaciones indicaron que la situaci\u00f3n econ\u00f3mica de las empresas ha empeorado\u201d y \u201cel 65% declararon que la ca\u00edda de las ventas supera el 15%\u201d.<\/strong><\/p>\n\n\n\n<p>A su vez, el 40% de las empresas se\u00f1ala que utilizan 6 de cada 10 m\u00e1quinas o menos, mientras que \u201cel 50% manifiesta un incremento de m\u00e1s del 30% de sus costos como consecuencia del aumento de tarifas\u201d.<\/p>\n\n\n\n<p>En relaci\u00f3n al cumplimiento de las obligaciones,<strong> solo el 56% de las empresas puede abonar a sus trabajadores en las fechas establecidas<\/strong>. \u201cEl 38 % de las empresas se ve obligada a dividir los pagos durante el mes\u201d, es otro de los puntos importantes.<\/p>\n\n\n\n<p>Por otro lado, el 95% considera que en los pr\u00f3ximos seis meses la situaci\u00f3n estar\u00e1 mucho peor o moderadamente peor, y el 65% indica que a partir de la sanci\u00f3n de <strong>la Ley Bases el funcionamiento empeorar\u00e1<\/strong>, un 20% que seguir\u00e1 igual y un 15% no contest\u00f3.<\/p>\n\n\n\n<p><strong>Despidos y suspensiones.<\/strong><\/p>\n\n\n\n<p>La crisis tuvo su impacto en los y las trabajadoras, y eso se ve reflejado en el documento: \u201cEl 80% de las empresas han despedido trabajadores, mientras que, solo el 20% revela no haber sufrido despidos desde diciembre a la actualidad. <strong>El 60% de los encuestados se\u00f1ala que sus trabajadores sufrieron alg\u00fan tipo de suspensi\u00f3n o licenciamiento en sus trabajos: esta cifra duplica al 34.4% relevado en mayo. En cuanto a adelanto de vacaciones, en el mes de julio se relev\u00f3 esta operatoria en el 65% de las empresas\u201d.<\/strong><\/p>\n\n\n\n<p>Tambi\u00e9n se hace menci\u00f3n a los retiros voluntarios, operatoria que ha implementado el 80 % de las empresas, cifra que supera el 56.5% de lo relevado en mayo. \u201cSe computa recortes en horas extra en el 90% de las empresas. Lo que significa un recorte del 30 % de las horas extras en los trabajadores\u201d.<\/p>\n\n\n\n<p><strong>\u201cLo que se ha verificado en el primer semestre es una disminuci\u00f3n de la producci\u00f3n, una ca\u00edda de las manufacturas de origen industrial, despidos laborales, suspensiones, retiros voluntarios, jubilaciones anticipadas, recortes de horas extra, disminuci\u00f3n de actividades y una tendiente precarizaci\u00f3n laboral, raz\u00f3n por la cual la pretendida modernizaci\u00f3n laboral que impulsa el actual Gobierno se sostiene sobre un ostensible falseamiento de la realidad\u201d,<\/strong> concluyeron los gremios industriales en un documento final.<\/p>\n\n\n\n<p><strong>Fuente: www.laarena.com.ar<\/strong><\/p>\n","protected":false},"excerpt":{"rendered":"<p>El gobernador de La Pampa, Sergio Ziliotto, junto a sus pares de otras cuatro provincias recibieron de parte de la Confederaci\u00f3n de Sindicatos Industriales (Csira) un preocupante diagn\u00f3stico econ\u00f3mico. En las empresas hay alarma por la ca\u00edda en la actividad y del empleo; pesimismo por lo que podr\u00eda pasar en el pr\u00f3ximo semestre. \u201cEl 95% [&hellip;]<\/p>\n","protected":false},"author":5,"featured_media":4279,"comment_status":"open","ping_status":"open","sticky":false,"template":"","format":"standard","meta":[],"categories":[10],"tags":[],"_links":{"self":[{"href":"https:\/\/politicapatagonica.com\/index.php\/wp-json\/wp\/v2\/posts\/4278"}],"collection":[{"href":"https:\/\/politicapatagonica.com\/index.php\/wp-json\/wp\/v2\/posts"}],"about":[{"href":"https:\/\/politicapatagonica.com\/index.php\/wp-json\/wp\/v2\/types\/post"}],"author":[{"embeddable":true,"href":"https:\/\/politicapatagonica.com\/index.php\/wp-json\/wp\/v2\/users\/5"}],"replies":[{"embeddable":true,"href":"https:\/\/politicapatagonica.com\/index.php\/wp-json\/wp\/v2\/comments?post=4278"}],"version-history":[{"count":1,"href":"https:\/\/politicapatagonica.com\/index.php\/wp-json\/wp\/v2\/posts\/4278\/revisions"}],"predecessor-version":[{"id":4280,"href":"https:\/\/politicapatagonica.com\/index.php\/wp-json\/wp\/v2\/posts\/4278\/revisions\/4280"}],"wp:featuredmedia":[{"embeddable":true,"href":"https:\/\/politicapatagonica.com\/index.php\/wp-json\/wp\/v2\/media\/4279"}],"wp:attachment":[{"href":"https:\/\/politicapatagonica.com\/index.php\/wp-json\/wp\/v2\/media?parent=4278"}],"wp:term":[{"taxonomy":"category","embeddable":true,"href":"https:\/\/politicapatagonica.com\/index.php\/wp-json\/wp\/v2\/categories?post=4278"},{"taxonomy":"post_tag","embeddable":true,"href":"https:\/\/politicapatagonica.com\/index.php\/wp-json\/wp\/v2\/tags?post=4278"}],"curies":[{"name":"wp","href":"https:\/\/api.w.org\/{rel}","templated":true}]}}