{"id":4274,"date":"2024-07-10T23:13:33","date_gmt":"2024-07-10T23:13:33","guid":{"rendered":"https:\/\/politicapatagonica.com\/?p=4274"},"modified":"2024-07-10T23:13:50","modified_gmt":"2024-07-10T23:13:50","slug":"el-gobierno-confirmo-el-cierre-de-136-registros-del-automotor-que-localidades-de-santa-cruz-seran-afectadas","status":"publish","type":"post","link":"https:\/\/politicapatagonica.com\/index.php\/2024\/07\/10\/el-gobierno-confirmo-el-cierre-de-136-registros-del-automotor-que-localidades-de-santa-cruz-seran-afectadas\/","title":{"rendered":"El Gobierno confirm\u00f3 el cierre de 136 Registros del Automotor: \u00bfQu\u00e9 localidades de Santa Cruz ser\u00e1n afectadas?"},"content":{"rendered":"\n<p>El Gobierno confirm\u00f3, este mi\u00e9rcoles,&nbsp;el cierre de 136 registros automotores de distintos puntos del pa\u00eds y anul\u00f3 la apertura de nuevas dependencias, mediante la<strong>&nbsp;Resoluci\u00f3n 209\/2024<\/strong>&nbsp;del Ministerio de Justicia publicada en el Bolet\u00edn Oficial.<\/p>\n\n\n\n<p>La decisi\u00f3n del Ejecutivo hab\u00eda sido anticipada a principios de mayo, al precisar que se estaba en camino de eliminar&nbsp;el 40% de los casi 1.600 Registros de la Propiedad Automotor&nbsp;que operan en el pa\u00eds, con el fin de \u201c<strong>reducir costos y eliminar tr\u00e1mites burocr\u00e1ticos<\/strong>\u201c.<\/p>\n\n\n\n<p>El texto oficial, que lleva la firma del ministro de Justicia&nbsp;<strong>Mariano C\u00faneo Libarona<\/strong>, explica que la medida se vincula a \u201cla voluntad de promover el cierre de Registros Seccionales intervenidos en pos de la&nbsp;reducci\u00f3n de la Administraci\u00f3n P\u00fablica Nacional, en el marco de las pol\u00edticas p\u00fablicas que viene llevando a cabo el Estado Nacional\u201d.<\/p>\n\n\n\n<p>Las oficinas que se cierran est\u00e1n ubicadas en la provincia de&nbsp;<strong>Buenos Aires, Catamarca, C\u00f3rdoba, Entre R\u00edos, La Pampa, La Rioja, Misiones, Neuqu\u00e9n, Rio Negro, Salta, Santa Cruz, Santa Fe, Santiago del Estero y Tucum\u00e1n<\/strong>.<\/p>\n\n\n\n<p>En cuanto a la derivaci\u00f3n de las funciones vacantes, se aclar\u00f3 que la competencia y las tareas de los Registros Seccionales de la Propiedad del Automotor suprimidos&nbsp;ser\u00e1n asumidas por otros Registros Seccionales competentes designados a tal fin.<\/p>\n\n\n\n<p>En este sentido, la normativa sostuvo que <strong>\u201clos Encargados Titulares de los Registros Seccionales en sus distintas competencias est\u00e1n en condiciones t\u00e9cnico-jur\u00eddicas de procesar cualquiera de los tr\u00e1mites registrales que actualmente son receptados por cada uno de los Registros Seccionales con competencias espec\u00edficas\u201d.<\/strong><\/p>\n\n\n\n<p>Continuando en esa l\u00ednea, asegur\u00f3 que <strong>\u201cen consonancia con los adelantos tecnol\u00f3gicos incorporados en los \u00faltimos a\u00f1os, los Registros Seccionales que asuman la competencia de aquellos que se supriman\u00a0podr\u00e1n operar sin distinci\u00f3n de la materia de su competencia, brindando una adecuada y m\u00e1s eficiente atenci\u00f3n a los usuarios\u201d.<\/strong><\/p>\n\n\n\n<p>Al justificar la decisi\u00f3n, se expres\u00f3 que \u201c<strong>obedece en principio a la necesidad de\u00a0reorganizar la estructura\u00a0de los Registros Seccionale<\/strong>s en raz\u00f3n de que existen distintas jurisdicciones territoriales en las que, existiendo Encargados Titulares de Registros Seccionales en sus distintas competencias, al mismo tiempo esos funcionarios revisten el car\u00e1cter de Interventor de uno o dos de los Registros Seccionales de las restantes competencias\u201d.<\/p>\n\n\n\n<h3>Registros Automotor de Santa Cruz que cerrar\u00e1n:<\/h3>\n\n\n\n<ul>\n<li>Registro Seccional de la Propiedad del Automotor con Competencia Exclusiva sobre Maquinaria Agr\u00edcola, Vial o Industrial y de Cr\u00e9ditos Prendarios de&nbsp;<strong>Puerto Deseado<\/strong>&nbsp;(70003).<\/li>\n\n\n\n<li>Registro Seccional de la Propiedad del Automotor con Competencia Exclusiva en Motoveh\u00edculos de&nbsp;<strong>Puerto Santa Cruz<\/strong>&nbsp;Letra \u201cA\u201d (44005).<\/li>\n\n\n\n<li>Registro Seccional de la Propiedad del Automotor con Competencia Exclusiva sobre Maquinaria Agr\u00edcola, Vial o Industrial y de Cr\u00e9ditos Prendarios de&nbsp;<strong>Puerto Santa Cruz<\/strong>&nbsp;(70005).<\/li>\n\n\n\n<li>Registro Seccional de la Propiedad del Automotor con Competencia Exclusiva en Motoveh\u00edculos de&nbsp;<strong>Pico Trucado<\/strong>&nbsp;Letra \u201cA\u201d (44007).<\/li>\n\n\n\n<li>Registro Seccional de la Propiedad del Automotor con Competencia Exclusiva sobre Maquinaria Agr\u00edcola, Vial o Industrial y de Cr\u00e9ditos Prendarios de&nbsp;<strong>Las Heras<\/strong>&nbsp;(70002).<\/li>\n<\/ul>\n\n\n\n<h3>Nuevos registros automotor cancelados:<\/h3>\n\n\n\n<p>La Resoluci\u00f3n tambi\u00e9n dej\u00f3 sin efecto la puesta en funcionamiento de<strong>\u00a0\u201caquellas oficinas registrales cuya apertura no se hubiere materializado a la fecha del presente, de modo tal de impedir que en el futuro se cubran los nuevos cargos creados, sin que ello implique erogaci\u00f3n alguna por parte del Estado Nacional\u201d.<\/strong><\/p>\n\n\n\n<p>Las nuevas sedes que no ser\u00e1n abiertas est\u00e1n repartidas entre&nbsp;<strong>Buenos Aires, Formosa, Mendoza, Santa Cruz, Santa Fe, Santiago del Estero y Tierra del Fuego<\/strong>.<\/p>\n\n\n\n<p>Entre estos, se encuentra el Registro Seccional de la Propiedad del Automotor de<strong>\u00a0R\u00edo Gallegos N\u00ba 3<\/strong>, <strong>provincia de Santa Cruz.<\/strong><\/p>\n\n\n\n<p>Los cierres comunicados por el Gobierno son los primeros correspondientes a la reducci\u00f3n de la estructura adelantada en mayo. As\u00ed qued\u00f3 especificado en el documento oficial, asegurando que \u201c<strong>la medida adoptada por la presente constituye una\u00a0primera etapa de la reestructuraci\u00f3n del sistema, <\/strong>dado que la envergadura de las modificaciones propuestas en lo que a los Registros Seccionales no encuadrados en las situaciones antes indicadas requerir\u00e1 de un estudio m\u00e1s acabado, para su paulatina aplicaci\u00f3n\u201d.<\/p>\n\n\n\n<p><strong>Fuente: laopinionaustral.com.ar<\/strong><\/p>\n","protected":false},"excerpt":{"rendered":"<p>El Gobierno confirm\u00f3, este mi\u00e9rcoles,&nbsp;el cierre de 136 registros automotores de distintos puntos del pa\u00eds y anul\u00f3 la apertura de nuevas dependencias, mediante la&nbsp;Resoluci\u00f3n 209\/2024&nbsp;del Ministerio de Justicia publicada en el Bolet\u00edn Oficial. La decisi\u00f3n del Ejecutivo hab\u00eda sido anticipada a principios de mayo, al precisar que se estaba en camino de eliminar&nbsp;el 40% de [&hellip;]<\/p>\n","protected":false},"author":5,"featured_media":4275,"comment_status":"open","ping_status":"open","sticky":false,"template":"","format":"standard","meta":[],"categories":[8],"tags":[],"_links":{"self":[{"href":"https:\/\/politicapatagonica.com\/index.php\/wp-json\/wp\/v2\/posts\/4274"}],"collection":[{"href":"https:\/\/politicapatagonica.com\/index.php\/wp-json\/wp\/v2\/posts"}],"about":[{"href":"https:\/\/politicapatagonica.com\/index.php\/wp-json\/wp\/v2\/types\/post"}],"author":[{"embeddable":true,"href":"https:\/\/politicapatagonica.com\/index.php\/wp-json\/wp\/v2\/users\/5"}],"replies":[{"embeddable":true,"href":"https:\/\/politicapatagonica.com\/index.php\/wp-json\/wp\/v2\/comments?post=4274"}],"version-history":[{"count":1,"href":"https:\/\/politicapatagonica.com\/index.php\/wp-json\/wp\/v2\/posts\/4274\/revisions"}],"predecessor-version":[{"id":4276,"href":"https:\/\/politicapatagonica.com\/index.php\/wp-json\/wp\/v2\/posts\/4274\/revisions\/4276"}],"wp:featuredmedia":[{"embeddable":true,"href":"https:\/\/politicapatagonica.com\/index.php\/wp-json\/wp\/v2\/media\/4275"}],"wp:attachment":[{"href":"https:\/\/politicapatagonica.com\/index.php\/wp-json\/wp\/v2\/media?parent=4274"}],"wp:term":[{"taxonomy":"category","embeddable":true,"href":"https:\/\/politicapatagonica.com\/index.php\/wp-json\/wp\/v2\/categories?post=4274"},{"taxonomy":"post_tag","embeddable":true,"href":"https:\/\/politicapatagonica.com\/index.php\/wp-json\/wp\/v2\/tags?post=4274"}],"curies":[{"name":"wp","href":"https:\/\/api.w.org\/{rel}","templated":true}]}}