{"id":4271,"date":"2024-07-08T23:13:10","date_gmt":"2024-07-08T23:13:10","guid":{"rendered":"https:\/\/politicapatagonica.com\/?p=4271"},"modified":"2024-07-08T23:13:12","modified_gmt":"2024-07-08T23:13:12","slug":"rolando-figueroa-en-tucuman-para-crecer-hay-que-dialogar","status":"publish","type":"post","link":"https:\/\/politicapatagonica.com\/index.php\/2024\/07\/08\/rolando-figueroa-en-tucuman-para-crecer-hay-que-dialogar\/","title":{"rendered":"Rolando Figueroa en Tucum\u00e1n: &#8220;Para crecer hay que dialogar&#8221;"},"content":{"rendered":"\n<p>El gobernador\u00a0<strong>Rolando Figueroa arrib\u00f3, esta tarde, a la provincia de Tucum\u00e1n para participar del\u00a0Pacto de Mayo,\u00a0<\/strong>convocado por el presidente Javier Milei, en v\u00edsperas del 208 aniversario de la declaraci\u00f3n de la Independencia.<\/p>\n\n\n\n<p>\u201cPara crecer hay que dialogar, para crecer hay que fortalecer el federalismo y creemos que esta reuni\u00f3n se trata de eso; de tener la posibilidad de sentarnos en una mesa, a poder construir todo lo que viene y todo lo que viene sin lugar a dudas es trabajando en las coincidencias fundamentalmente\u201d, asegur\u00f3 Figueroa, tras su arribo.<\/p>\n\n\n\n<p>El gobernador destac\u00f3 la convocatoria del interior a Tucum\u00e1n y reflexion\u00f3:&nbsp;<strong>\u201cCreemos que es un buen lugar tambi\u00e9n para decir que vamos a trabajar unidos para fortalecer el federalismo y para poner a esta Argentina de pie\u201d.<\/strong><\/p>\n\n\n\n<p>El Pacto de Mayo se materializar\u00e1 en la Casa Hist\u00f3rica, para dar inicio a la vigilia. El presidente y los gobernadores presentes<strong>&nbsp;firmar\u00e1n esta medianoche un compromiso para avanzar con pol\u00edticas y acuerdos a largo plazo.<\/strong><\/p>\n\n\n\n<h2><strong>Alberto Weretilneck tambi\u00e9n est\u00e1 en Tucum\u00e1n<\/strong><\/h2>\n\n\n\n<p>El\u00a0<strong>gobernador de Rio Negro, Alberto Weretilneck tambi\u00e9n<\/strong>\u00a0participar\u00e1 del acto en el que el presidente\u00a0<strong>Milei<\/strong>\u00a0presentar\u00e1 el\u00a0<strong>Pacto de Mayo<\/strong>.\u00a0<strong>Sostuvo que la convocatoria al di\u00e1logo es la raz\u00f3n<\/strong>\u00a0por la que se sumar\u00e1 al encuentro y se diferenci\u00f3 de los gobernadores que decidieron no participar, aunque asegur\u00f3 que &#8220;es dif\u00edcil juzgar a un par&#8221;.<\/p>\n\n\n\n<p>Antes de viajar a&nbsp;<strong>Tucum\u00e1n<\/strong>, Weretilneck declar\u00f3: &#8220;<strong>La convocatoria al di\u00e1logo es saludable.&nbsp;<\/strong>Quienes valoramos el sistema democr\u00e1tico entendemos que es el aspecto central. El gobierno nacional hab\u00eda empezado el mandato con una&nbsp;<strong>fuerte ruptura del v\u00ednculo Naci\u00f3n-provincias<\/strong>, desde los agravios, los insultos y la falta de respeto del nivel central a los gobernadores. Esta convocatoria empieza a dejar atr\u00e1s esa situaci\u00f3n&#8221;.<\/p>\n\n\n\n<p>El mandatario rionegrino sostuvo:&nbsp;<strong>&#8220;Podemos tener diferencias, como con las represas<\/strong>, pero esas diferencias se pueden resolver con di\u00e1logo.&nbsp;<strong>Que nos convoquen es positivo.<\/strong>&nbsp;Se podr\u00edan haber contemplado otros temas, pero m\u00e1s all\u00e1 de los detalles, lo importante es la convocatoria&#8221;.<\/p>\n\n\n\n<p>Los gobernadores ya llegaron a Tucum\u00e1n.<\/p>\n\n\n\n<p>La firma del Pacto de Mayo no contar\u00e1 con la adhesi\u00f3n de todos los gobernadores, de quienes Weretilneck se diferenci\u00f3. Sin embargo, no se pronunci\u00f3 de manera cr\u00edtica. Hay cuestiones partidarias, ideol\u00f3gicas o conflictos, yo estoy convencido de por qu\u00e9 tengo que estar presente&#8221;.<\/p>\n\n\n\n<p>El gobernador expres\u00f3 que hay cuestiones en las que est\u00e1 de acuerdo con el presidente Milei como el control de la inflaci\u00f3n y la reducci\u00f3n del d\u00e9ficit fiscal. &#8220;<strong>Ten\u00eda que haber una pol\u00edtica que baje la inflaci\u00f3n.&nbsp;<\/strong>Nadie puede estar en desacuerdo. Y que hab\u00eda que reducir el d\u00e9ficit fiscal, lo compartimos todos. Argentina es un pa\u00eds sumamente endeudado por diferentes gobiernos nacionales&#8221;, consider\u00f3 Weretilneck.<\/p>\n\n\n\n<h2>Los 18 gobernadores presentes<\/h2>\n\n\n\n<p>En el acto que ser\u00e1 transmitido por cadena nacional, se espera que Milei est\u00e9 acompa\u00f1ado por 18 gobernadores:\u00a0<strong>Osvaldo Jaldo<\/strong>\u00a0(Tucum\u00e1n),\u00a0<strong>Ra\u00fal Jalil<\/strong>\u00a0(Catamarca),<strong>\u00a0Rogelio Frigerio<\/strong>\u00a0(Entre R\u00edos),\u00a0<strong>Gustavo Vald\u00e9s<\/strong>\u00a0(Corrientes),<strong>\u00a0Alfredo Cornejo\u00a0<\/strong>(Mendoza),\u00a0<strong>Marcelo Orrego\u00a0<\/strong>(San Juan),\u00a0<strong>Maximiliano Pullaro<\/strong>\u00a0(Santa Fe),\u00a0<strong>Ignacio Torres\u00a0<\/strong>(Chubut),\u00a0<strong>Carlos Sadir\u00a0<\/strong>(Jujuy),\u00a0<strong>Leandro Zdero\u00a0<\/strong>(Chaco),\u00a0<strong>Claudio Poggi<\/strong>\u00a0(San Luis),\u00a0<strong>Rolando Figueroa\u00a0<\/strong>(Neuqu\u00e9n),\u00a0<strong>Mart\u00edn Llaryora<\/strong>\u00a0(C\u00f3rdoba),\u00a0<strong>Gustavo S\u00e1enz<\/strong>\u00a0(Salta),\u00a0<strong>Claudio Vidal<\/strong>\u00a0(Santa Cruz),\u00a0<strong>Hugo Passalacqua<\/strong>\u00a0(Misiones),\u00a0<strong>Alberto Weretilneck<\/strong>\u00a0(R\u00edo Negro) y el jefe de Gobierno de la Ciudad de Buenos Aires,\u00a0<strong>Jorge Macri<\/strong>.<\/p>\n\n\n\n<p><strong>Fuente: www.lmneuquen.com<\/strong><\/p>\n","protected":false},"excerpt":{"rendered":"<p>El gobernador\u00a0Rolando Figueroa arrib\u00f3, esta tarde, a la provincia de Tucum\u00e1n para participar del\u00a0Pacto de Mayo,\u00a0convocado por el presidente Javier Milei, en v\u00edsperas del 208 aniversario de la declaraci\u00f3n de la Independencia. \u201cPara crecer hay que dialogar, para crecer hay que fortalecer el federalismo y creemos que esta reuni\u00f3n se trata de eso; de tener [&hellip;]<\/p>\n","protected":false},"author":5,"featured_media":4272,"comment_status":"open","ping_status":"open","sticky":false,"template":"","format":"standard","meta":[],"categories":[9],"tags":[],"_links":{"self":[{"href":"https:\/\/politicapatagonica.com\/index.php\/wp-json\/wp\/v2\/posts\/4271"}],"collection":[{"href":"https:\/\/politicapatagonica.com\/index.php\/wp-json\/wp\/v2\/posts"}],"about":[{"href":"https:\/\/politicapatagonica.com\/index.php\/wp-json\/wp\/v2\/types\/post"}],"author":[{"embeddable":true,"href":"https:\/\/politicapatagonica.com\/index.php\/wp-json\/wp\/v2\/users\/5"}],"replies":[{"embeddable":true,"href":"https:\/\/politicapatagonica.com\/index.php\/wp-json\/wp\/v2\/comments?post=4271"}],"version-history":[{"count":1,"href":"https:\/\/politicapatagonica.com\/index.php\/wp-json\/wp\/v2\/posts\/4271\/revisions"}],"predecessor-version":[{"id":4273,"href":"https:\/\/politicapatagonica.com\/index.php\/wp-json\/wp\/v2\/posts\/4271\/revisions\/4273"}],"wp:featuredmedia":[{"embeddable":true,"href":"https:\/\/politicapatagonica.com\/index.php\/wp-json\/wp\/v2\/media\/4272"}],"wp:attachment":[{"href":"https:\/\/politicapatagonica.com\/index.php\/wp-json\/wp\/v2\/media?parent=4271"}],"wp:term":[{"taxonomy":"category","embeddable":true,"href":"https:\/\/politicapatagonica.com\/index.php\/wp-json\/wp\/v2\/categories?post=4271"},{"taxonomy":"post_tag","embeddable":true,"href":"https:\/\/politicapatagonica.com\/index.php\/wp-json\/wp\/v2\/tags?post=4271"}],"curies":[{"name":"wp","href":"https:\/\/api.w.org\/{rel}","templated":true}]}}