{"id":4266,"date":"2024-07-05T23:18:30","date_gmt":"2024-07-05T23:18:30","guid":{"rendered":"https:\/\/politicapatagonica.com\/?p=4266"},"modified":"2024-07-12T21:54:53","modified_gmt":"2024-07-12T21:54:53","slug":"provincia-declaro-la-emergencia-costera-en-rawson-y-comodoro","status":"publish","type":"post","link":"https:\/\/politicapatagonica.com\/index.php\/2024\/07\/05\/provincia-declaro-la-emergencia-costera-en-rawson-y-comodoro\/","title":{"rendered":"Chubut declar\u00f3 la \u201cEmergencia Costera\u201d en las ciudades de Rawson y Comodoro Rivadavia"},"content":{"rendered":"\n<p><strong>El gobierno del Chubut, que conduce Ignacio \u201cNacho\u201d Torres,<\/strong> impuls\u00f3 la declaraci\u00f3n de la <strong>\u201cEmergencia Costera en Rawson y Comodoro Rivadavia\u201d<\/strong>, a trav\u00e9s de la presentaci\u00f3n de un proyecto que fue sancionado este jueves, con fuerza de ley, por la Legislatura provincial, y que tendr\u00e1 vigencia por el plazo de un a\u00f1o a partir de la fecha de su promulgaci\u00f3n.<\/p>\n\n\n\n<p><strong>La medida faculta al Poder Ejecutivo a llevar adelante todos los estudios y todas las obras que fueran necesarias, con el objetivo de garantizar una soluci\u00f3n integral y consistente que pueda poner fin al proceso de la erosi\u00f3n costera en el litoral mar\u00edtimo de las jurisdicciones municipales de ambas localidades<\/strong>. Asimismo, dicha declaraci\u00f3n tambi\u00e9n autoriza al Gobierno provincial a gestionar ante Naci\u00f3n, o ante los Organismos Internacionales que resulten m\u00e1s indicados, el financiamiento necesario para llevar adelante dichas obras.<\/p>\n\n\n\n<p>A tal fin, el propio mandatario chubutense mantuvo el encuentro <strong>con el ministro de Gobierno, Andr\u00e9s Meiszner; el secretario coordinador de Gabinete, Guillermo Almir\u00f3n; el secretario de Infraestructura y Energ\u00eda, Nicol\u00e1s Cittadini, y el intendente de la localidad de Rawson, Dami\u00e1n Biss<\/strong>, junto a quienes avanz\u00f3 en la conformaci\u00f3n de un proyecto destinado a garantizar una soluci\u00f3n seria y consistente que contemple, no s\u00f3lo los efectos de la erosi\u00f3n mar\u00edtima, sino tambi\u00e9n el resto de los factores que inciden en la degradaci\u00f3n f\u00edsica, geogr\u00e1fica, h\u00eddrica y ambiental de la regi\u00f3n costera.<\/p>\n\n\n\n<p>De la reuni\u00f3n, que se llev\u00f3 adelante en la Residencia del Gobernador, <strong>participaron tambi\u00e9n Rodrigo Gait\u00e1n y Mariano Eliceche, y durante el transcurso de la misma el titular de la cartera provincial de Infraestructura, Nicol\u00e1s Cittadini,<\/strong> expuso el estado de situaci\u00f3n actual de las obras que la Provincia tiene previsto llevar adelante en ambas localidades.<\/p>\n\n\n\n<p><strong>Obras en Playa Uni\u00f3n y Comodoro Rivadavia<\/strong><\/p>\n\n\n\n<p><strong>\u201cLo fundamental es que podamos encarar obras de mediana magnitud, porque las obras peque\u00f1as y las soluciones de compromiso y de emergencia que se encaran de un d\u00eda para el otro no ofrecen ning\u00fan tipo de resultado positivo, y rara vez logran sostenerse m\u00e1s all\u00e1 de la siguiente marejada\u201d,<\/strong> explic\u00f3 al respecto Cittadini. Adem\u00e1s, se\u00f1al\u00f3 tambi\u00e9n que \u201clas realidades de Rawson y de Comodoro Rivadavia son diferentes, por lo que exigen soluciones particulares para cada caso\u201d.<\/p>\n\n\n\n<p>En tal sentido, el secretario de Infraestructura y Energ\u00eda detall\u00f3 que \u201ca partir del pr\u00f3ximo lunes, en los sectores m\u00e1s afectados de la villa balnearia de Playa Uni\u00f3n <strong>vamos a estar implementando una tecnolog\u00eda de fabricaci\u00f3n mexicana que se utiliza con mucho \u00e9xito en todo el mundo, y que actualmente se encuentra disponible para su venta en la ciudad de Buenos Aires\u201d.<\/strong><\/p>\n\n\n\n<p>\u201cPara implementar esta tecnolog\u00eda <strong>es necesario que pongamos en marcha una obra bastante compleja, que contempla dos etapas muy diferenciadas: la primera, que tendr\u00e1 un costo estimado superior a los 300 millones de pesos, consiste en la instalaci\u00f3n de m\u00e1s de doscientos metros de tubos de material geotextil, cada uno con un largo de 18 metros y un di\u00e1metro de 3 metros, los cuales se rellenan con la propia arena del lugar y tienen la capacidad de soportar la inercia, el impacto y la fuerza de las olas, incluso durante una marejada\u201d, consign\u00f3 Cittadini, agregando asimismo que \u201ca futuro tenemos previsto llevar adelante una segunda etapa de este mismo proyecto, con la instalaci\u00f3n de m\u00e1s de 700 metros de dicho material en otros puntos de la costa\u201d.<\/strong><\/p>\n\n\n\n<p>En lo que refiere a la situaci\u00f3n particular de la ciudad petrolera, el funcionario provincial asegur\u00f3 que <strong>\u201cla principal problem\u00e1tica de erosi\u00f3n en Comodoro Rivadavia es en las zonas de acantilados, ya que son suelos muy susceptibles de ser socavados por la acci\u00f3n del mar\u201d,<\/strong> y explic\u00f3 que, por ese motivo, la soluci\u00f3n prevista \u201ctermina siendo muy diferente a la que vamos a implementar en Playa Uni\u00f3n\u201d.<\/p>\n\n\n\n<p><strong>\u201cEn Comodoro qued\u00f3 demostrado, ya que lo que funciona son los muros de hormig\u00f3n con espacios de reservorio, los cuales despu\u00e9s se rellenan con geotextiles y \u00e1ridos, para que de este modo cuando la ola golpee el agua pueda drenar, complementado la defensa costera con un enrocado que consiste en un pie de apoyo con rocas de m\u00e1s de cinco toneladas,<\/strong> con un n\u00facleo interno que cumplimenta la ley de filtros, y recubierto todo con una coraza tambi\u00e9n de rocas de entre 3 a 5 toneladas cada una, tal y como sucede con el muro de contenci\u00f3n mar\u00edtima que estamos terminando de construir frente al Hospital Presidente Alvear\u201d, precis\u00f3 Cittadini.<\/p>\n\n\n\n<p><strong>\u201cNuestros equipos t\u00e9cnicos y profesionales est\u00e1n trabajando ya en terreno, de forma conjunta y articulada con los equipos de cada municipio, con el fin de avanzar en una soluci\u00f3n duradera que garantice la seguridad de todos los vecinos de ambas localidades\u201d<\/strong>, asegur\u00f3 por \u00faltimo el ministro de Infraestructura y Energ\u00eda de la provincia.<\/p>\n\n\n\n<p><strong>Fuente: www.elchubut.com.ar<\/strong><\/p>\n","protected":false},"excerpt":{"rendered":"<p>El gobierno del Chubut, que conduce Ignacio \u201cNacho\u201d Torres, impuls\u00f3 la declaraci\u00f3n de la \u201cEmergencia Costera en Rawson y Comodoro Rivadavia\u201d, a trav\u00e9s de la presentaci\u00f3n de un proyecto que fue sancionado este jueves, con fuerza de ley, por la Legislatura provincial, y que tendr\u00e1 vigencia por el plazo de un a\u00f1o a partir de [&hellip;]<\/p>\n","protected":false},"author":5,"featured_media":4267,"comment_status":"open","ping_status":"open","sticky":false,"template":"","format":"standard","meta":[],"categories":[14],"tags":[],"_links":{"self":[{"href":"https:\/\/politicapatagonica.com\/index.php\/wp-json\/wp\/v2\/posts\/4266"}],"collection":[{"href":"https:\/\/politicapatagonica.com\/index.php\/wp-json\/wp\/v2\/posts"}],"about":[{"href":"https:\/\/politicapatagonica.com\/index.php\/wp-json\/wp\/v2\/types\/post"}],"author":[{"embeddable":true,"href":"https:\/\/politicapatagonica.com\/index.php\/wp-json\/wp\/v2\/users\/5"}],"replies":[{"embeddable":true,"href":"https:\/\/politicapatagonica.com\/index.php\/wp-json\/wp\/v2\/comments?post=4266"}],"version-history":[{"count":2,"href":"https:\/\/politicapatagonica.com\/index.php\/wp-json\/wp\/v2\/posts\/4266\/revisions"}],"predecessor-version":[{"id":4282,"href":"https:\/\/politicapatagonica.com\/index.php\/wp-json\/wp\/v2\/posts\/4266\/revisions\/4282"}],"wp:featuredmedia":[{"embeddable":true,"href":"https:\/\/politicapatagonica.com\/index.php\/wp-json\/wp\/v2\/media\/4267"}],"wp:attachment":[{"href":"https:\/\/politicapatagonica.com\/index.php\/wp-json\/wp\/v2\/media?parent=4266"}],"wp:term":[{"taxonomy":"category","embeddable":true,"href":"https:\/\/politicapatagonica.com\/index.php\/wp-json\/wp\/v2\/categories?post=4266"},{"taxonomy":"post_tag","embeddable":true,"href":"https:\/\/politicapatagonica.com\/index.php\/wp-json\/wp\/v2\/tags?post=4266"}],"curies":[{"name":"wp","href":"https:\/\/api.w.org\/{rel}","templated":true}]}}