{"id":4263,"date":"2024-07-04T21:49:50","date_gmt":"2024-07-04T21:49:50","guid":{"rendered":"https:\/\/politicapatagonica.com\/?p=4263"},"modified":"2024-07-06T14:59:14","modified_gmt":"2024-07-06T14:59:14","slug":"weretilneck-acordo-con-nacion-la-continuidad-de-la-obra-publica-en-rio-negro","status":"publish","type":"post","link":"https:\/\/politicapatagonica.com\/index.php\/2024\/07\/04\/weretilneck-acordo-con-nacion-la-continuidad-de-la-obra-publica-en-rio-negro\/","title":{"rendered":"Weretilneck acord\u00f3 con Naci\u00f3n la continuidad de la obra p\u00fablica en R\u00edo Negro"},"content":{"rendered":"\n<p>En b\u00fasqueda de acuerdos, <strong>Weretilneck en el d\u00eda de hoy, se reuni\u00f3 con Francos en el Sal\u00f3n de los Escudos de Casa Rosada, logrando el compromiso del Gobierno Nacional para continuar con la finalizaci\u00f3n de obras viales en R\u00edo Negro, espec\u00edficamente en las Rutas Nacionales N\u00b0 151, N\u00b0 22, N\u00b0 23, N\u00b0 251, N\u00b0 3 y N\u00b0 40.<\/strong> Tambi\u00e9n la finalizaci\u00f3n de la rotonda sobre la Ruta Nacional N\u00b0 22 frente a Choele Choel.<\/p>\n\n\n\n<p><strong>En el \u00e1mbito educativo, el mandatario obtuvo el apoyo de Naci\u00f3n para completar una serie de obras esenciales para la provincia, incluyendo jardines de infantes<\/strong> en El Bols\u00f3n, General Conesa, Cipolletti y General Roca; escuelas primarias en San Javier, San Carlos de Bariloche, El Bols\u00f3n, Roca, Cervantes y Fern\u00e1ndez Oro; una<strong> escuela secundaria<\/strong> en Viedma; y<strong> seis nuevas escuelas t\u00e9cnicas<\/strong> en Conesa, Bariloche, Luis Beltr\u00e1n, Villa Manzano, Villa Regina y Viedma.<\/p>\n\n\n\n<p><strong>Otro convenio contempla la construcci\u00f3n del sistema de desag\u00fces cloacales <\/strong>para General Roca y Catriel, el nuevo colector costanero de Bariloche, y la construcci\u00f3n de edificios para la Universidad Nacional de R\u00edo Negro (UNRN).<\/p>\n\n\n\n<p>El Gobernador <strong>tambi\u00e9n se comprometi\u00f3 a finalizar con fondos provinciales la ampliaci\u00f3n del Hospital Ram\u00f3n Carrillo<\/strong> en Bariloche, una obra estrat\u00e9gica con un alto grado de avance.<\/p>\n\n\n\n<p>Finalmente, en t\u00e9rminos de vivienda, Weretilneck gestion\u00f3 el financiamiento nacional por 680 millones de pesos para<strong> concluir la construcci\u00f3n de 31 viviendas<\/strong> en los municipios de Fern\u00e1ndez Oro, Lamarque y Sierra Colorada, obras que hab\u00edan sido paralizadas, comprometi\u00e9ndose a que la provincia aporte el monto restante.<\/p>\n\n\n\n<p><strong>Fuente: rionegro.gov.ar<\/strong><\/p>\n","protected":false},"excerpt":{"rendered":"<p>En b\u00fasqueda de acuerdos, Weretilneck en el d\u00eda de hoy, se reuni\u00f3 con Francos en el Sal\u00f3n de los Escudos de Casa Rosada, logrando el compromiso del Gobierno Nacional para continuar con la finalizaci\u00f3n de obras viales en R\u00edo Negro, espec\u00edficamente en las Rutas Nacionales N\u00b0 151, N\u00b0 22, N\u00b0 23, N\u00b0 251, N\u00b0 3 [&hellip;]<\/p>\n","protected":false},"author":5,"featured_media":4264,"comment_status":"open","ping_status":"open","sticky":false,"template":"","format":"standard","meta":[],"categories":[13],"tags":[],"_links":{"self":[{"href":"https:\/\/politicapatagonica.com\/index.php\/wp-json\/wp\/v2\/posts\/4263"}],"collection":[{"href":"https:\/\/politicapatagonica.com\/index.php\/wp-json\/wp\/v2\/posts"}],"about":[{"href":"https:\/\/politicapatagonica.com\/index.php\/wp-json\/wp\/v2\/types\/post"}],"author":[{"embeddable":true,"href":"https:\/\/politicapatagonica.com\/index.php\/wp-json\/wp\/v2\/users\/5"}],"replies":[{"embeddable":true,"href":"https:\/\/politicapatagonica.com\/index.php\/wp-json\/wp\/v2\/comments?post=4263"}],"version-history":[{"count":1,"href":"https:\/\/politicapatagonica.com\/index.php\/wp-json\/wp\/v2\/posts\/4263\/revisions"}],"predecessor-version":[{"id":4265,"href":"https:\/\/politicapatagonica.com\/index.php\/wp-json\/wp\/v2\/posts\/4263\/revisions\/4265"}],"wp:featuredmedia":[{"embeddable":true,"href":"https:\/\/politicapatagonica.com\/index.php\/wp-json\/wp\/v2\/media\/4264"}],"wp:attachment":[{"href":"https:\/\/politicapatagonica.com\/index.php\/wp-json\/wp\/v2\/media?parent=4263"}],"wp:term":[{"taxonomy":"category","embeddable":true,"href":"https:\/\/politicapatagonica.com\/index.php\/wp-json\/wp\/v2\/categories?post=4263"},{"taxonomy":"post_tag","embeddable":true,"href":"https:\/\/politicapatagonica.com\/index.php\/wp-json\/wp\/v2\/tags?post=4263"}],"curies":[{"name":"wp","href":"https:\/\/api.w.org\/{rel}","templated":true}]}}