{"id":4253,"date":"2024-07-03T23:08:37","date_gmt":"2024-07-03T23:08:37","guid":{"rendered":"https:\/\/politicapatagonica.com\/?p=4253"},"modified":"2024-07-03T23:58:37","modified_gmt":"2024-07-03T23:58:37","slug":"autovia-ruta-5-convoco-a-legisladores-bonaerenses-y-pampeanos","status":"publish","type":"post","link":"https:\/\/politicapatagonica.com\/index.php\/2024\/07\/03\/autovia-ruta-5-convoco-a-legisladores-bonaerenses-y-pampeanos\/","title":{"rendered":"Autov\u00eda Ruta 5 convoc\u00f3 a legisladores bonaerenses y pampeanos"},"content":{"rendered":"\n<p>Del encuentro <strong>participar\u00e1 la vicegobernadora de La Pampa, Alicia Mayoral. Tambi\u00e9n el intendente de Trenque Lauquen.<\/strong>&nbsp;<\/p>\n\n\n\n<p>El anuncio fue realizado por los integrantes del colectivo, Mar\u00eda del Carmen Ares y Sergio Romero.<\/p>\n\n\n\n<p>De la provincia de Buenos Aires est\u00e1 confirmados los diputados provinciales Valent\u00edn Miranda (UCR) y&nbsp; Emiliano Balbin (UCR), la senadora provincial Nerina Neuman (UCR), la diputada provincial Silvina Vacarezza (Cambio Federal), la senadora Eugenia Gil (UCR) y la concejal de Bragado,&nbsp;Lilian Labaqu\u00ed (UCR).<\/p>\n\n\n\n<p><strong>Adem\u00e1s asistir\u00e1n el intendente de Trenque Lauquen,&nbsp;Francisco Recoulat, el exintendente&nbsp;Miguel Fern\u00e1ndez, y el exintendente de Carlos Pellegrini,&nbsp;Guillermo Pacheco.<\/strong><\/p>\n\n\n\n<p><strong>Por el lado de los legisladores y legisladoras pampeanas estar\u00e1n Laura Trapaglia (PRO),&nbsp;Mat\u00edas Traba (MID),&nbsp;Hip\u00f3lito Altolaguirre (UCR),&nbsp;Javier Torroba (UCR),&nbsp;Enrique Juan (PRO),&nbsp;Maximiliano Aliaga (CO) y&nbsp; &nbsp;Sandra Fonseca (CO). Tambi\u00e9n la propia vicegobernadora Alicia Mayoral.<\/strong><\/p>\n\n\n\n<p>Entre los concejales santarrose\u00f1os comprometieron su asistencia&nbsp;<strong>Diego Camargo,&nbsp;Romina Paci y&nbsp;Luj\u00e1n Mazzucco de la UCR.<\/strong><\/p>\n\n\n\n<p><strong>El grupo Autovia Ruta 5 impuls\u00f3 importantes acciones el mes anterior con encuentro en CABA en foro de seguridad vial, reuniones con la Agencia Nacional de Seguridad Vial y con los senadores nacionales Oscar Parrilli y Victoria Huala.<\/strong><\/p>\n\n\n\n<p><strong>El objetivo de la iniciativa es la construcci\u00f3n de una autov\u00eda entre Mercedes (Buenos Aires) y Santa Rosa (La Pampa) <\/strong>que evite las decenas de muertes anuales que provoca la precaria infraestructura de esa v\u00eda nacional.&nbsp; Por eso realizan actividades todos los d\u00edas 5 de cada mes, en la ruta 5 y a las 5 de la tarde. Esta vez la reuni\u00f3n ser\u00e1 en el Sal\u00f3n del Pensamiento de la legislatura pampeana.<\/p>\n\n\n\n<p><strong>Fuente: www.eldiariodelapampa.com.ar<\/strong><\/p>\n","protected":false},"excerpt":{"rendered":"<p>Del encuentro participar\u00e1 la vicegobernadora de La Pampa, Alicia Mayoral. Tambi\u00e9n el intendente de Trenque Lauquen.&nbsp; El anuncio fue realizado por los integrantes del colectivo, Mar\u00eda del Carmen Ares y Sergio Romero. De la provincia de Buenos Aires est\u00e1 confirmados los diputados provinciales Valent\u00edn Miranda (UCR) y&nbsp; Emiliano Balbin (UCR), la senadora provincial Nerina Neuman [&hellip;]<\/p>\n","protected":false},"author":5,"featured_media":4262,"comment_status":"open","ping_status":"open","sticky":false,"template":"","format":"standard","meta":[],"categories":[10],"tags":[],"_links":{"self":[{"href":"https:\/\/politicapatagonica.com\/index.php\/wp-json\/wp\/v2\/posts\/4253"}],"collection":[{"href":"https:\/\/politicapatagonica.com\/index.php\/wp-json\/wp\/v2\/posts"}],"about":[{"href":"https:\/\/politicapatagonica.com\/index.php\/wp-json\/wp\/v2\/types\/post"}],"author":[{"embeddable":true,"href":"https:\/\/politicapatagonica.com\/index.php\/wp-json\/wp\/v2\/users\/5"}],"replies":[{"embeddable":true,"href":"https:\/\/politicapatagonica.com\/index.php\/wp-json\/wp\/v2\/comments?post=4253"}],"version-history":[{"count":2,"href":"https:\/\/politicapatagonica.com\/index.php\/wp-json\/wp\/v2\/posts\/4253\/revisions"}],"predecessor-version":[{"id":4259,"href":"https:\/\/politicapatagonica.com\/index.php\/wp-json\/wp\/v2\/posts\/4253\/revisions\/4259"}],"wp:featuredmedia":[{"embeddable":true,"href":"https:\/\/politicapatagonica.com\/index.php\/wp-json\/wp\/v2\/media\/4262"}],"wp:attachment":[{"href":"https:\/\/politicapatagonica.com\/index.php\/wp-json\/wp\/v2\/media?parent=4253"}],"wp:term":[{"taxonomy":"category","embeddable":true,"href":"https:\/\/politicapatagonica.com\/index.php\/wp-json\/wp\/v2\/categories?post=4253"},{"taxonomy":"post_tag","embeddable":true,"href":"https:\/\/politicapatagonica.com\/index.php\/wp-json\/wp\/v2\/tags?post=4253"}],"curies":[{"name":"wp","href":"https:\/\/api.w.org\/{rel}","templated":true}]}}