{"id":4249,"date":"2024-07-03T00:11:34","date_gmt":"2024-07-03T00:11:34","guid":{"rendered":"https:\/\/politicapatagonica.com\/?p=4249"},"modified":"2024-07-03T23:22:17","modified_gmt":"2024-07-03T23:22:17","slug":"la-legislatura-aprobo-la-ley-de-emergencia-climatica-en-santa-cruz","status":"publish","type":"post","link":"https:\/\/politicapatagonica.com\/index.php\/2024\/07\/03\/la-legislatura-aprobo-la-ley-de-emergencia-climatica-en-santa-cruz\/","title":{"rendered":"La Legislatura aprob\u00f3 la ley de Emergencia Clim\u00e1tica en Santa Cruz"},"content":{"rendered":"\n<p><strong>La Legislatura de Santa Cruz llev\u00f3 adelante la sesi\u00f3n extraordinaria donde el cuerpo de diputados y diputadas trat\u00f3 el proyecto de Estado de Emergencia Clim\u00e1tica en todo el territorio provincial. Por unanimidad, los legisladores aprobaron la normativa que ya rige en Santa Cruz por un plazo de 90 d\u00edas, con posibilidad de pr\u00f3rroga en iguales t\u00e9rminos.<\/strong><\/p>\n\n\n\n<p>En este sentido, y acorde al proyecto, <strong>dicha medida fue dictada tras los eventos excepcionales y adversos en materia clim\u00e1tica que vienen afrontando las regiones del sur del pa\u00eds <\/strong>y en especial la provincia de Santa Cruz, provocando graves consecuencias que afectan, no s\u00f3lo el desarrollo habitual de las actividades de los habitantes, sino tambi\u00e9n serias complicaciones en las rutas provinciales; como, adem\u00e1s, todas las conexiones terrestres que unen las localidades del interior.<\/p>\n\n\n\n<p>El evento clim\u00e1tico citado ha sido de car\u00e1cter extraordinario,<strong> registr\u00e1ndose a la fecha temperaturas extremas <\/strong>que ponen <strong>en riesgo la salud de los habitantes de esta zona patag\u00f3nica, sumado a las haciendas de los establecimientos rurales y aquellos animales que componen nuestra fauna aut\u00f3ctona.<\/strong><\/p>\n\n\n\n<p>De este modo, <strong>los organismos estatales deber\u00e1n elaborar los planes de emergencia, de contingencia y programas de protecci\u00f3n civil que correspondan al caso<\/strong>, debiendo participar como coordinador ejecutivo la Direcci\u00f3n Provincial de Protecci\u00f3n Civil con intervenci\u00f3n de la empresa Servicios P\u00fablicos Sociedad del Estado, la Administraci\u00f3n General de&nbsp; Vialidad Provincial, Distrigas, y dem\u00e1s organismos p\u00fablicos correspondientes, pudiendo -asimismo- concertar acciones conjuntas con las Juntas Locales de Protecci\u00f3n Civil de las localidades del interior que se constituyan.<\/p>\n\n\n\n<p>Por \u00faltimo, y para dar cumplimiento a la normativa, <strong>se exceptu\u00f3 <\/strong>a los ministerios de Gobierno, de Desarrollo Social, de Salud y Ambiente, y de Energ\u00eda y Miner\u00eda, Servicios P\u00fablicos Sociedad del Estado, la Administraci\u00f3n General de Vialidad Provincial y Distrigas de permitir la incorporaci\u00f3n temporaria de personal, <strong>realizaci\u00f3n de contrataciones en forma directa para la provisi\u00f3n de bienes, obras y servicios que las necesidades impongan para atender los gastos y eventualidades que surjan del estado de Emergencia Clim\u00e1tica.<\/strong><\/p>\n\n\n\n<p>Esto queda previsto en las disposiciones del<strong> Decreto 1260\/18 y modificatorios, de los alcances de la Ley N\u00b0 3755 y modificatoria de Administraci\u00f3n Financiera, los Sistemas de Control del Sector P\u00fablico Provincial, la Ley de Obras P\u00fablicas N\u00b0 2743 y sus decretos reglamentarios correspondientes.<\/strong><\/p>\n\n\n\n<p><strong>Fuente: noticias.santacruz.gob.ar<\/strong><\/p>\n","protected":false},"excerpt":{"rendered":"<p>La Legislatura de Santa Cruz llev\u00f3 adelante la sesi\u00f3n extraordinaria donde el cuerpo de diputados y diputadas trat\u00f3 el proyecto de Estado de Emergencia Clim\u00e1tica en todo el territorio provincial. Por unanimidad, los legisladores aprobaron la normativa que ya rige en Santa Cruz por un plazo de 90 d\u00edas, con posibilidad de pr\u00f3rroga en iguales [&hellip;]<\/p>\n","protected":false},"author":5,"featured_media":4250,"comment_status":"open","ping_status":"open","sticky":false,"template":"","format":"standard","meta":[],"categories":[8],"tags":[],"_links":{"self":[{"href":"https:\/\/politicapatagonica.com\/index.php\/wp-json\/wp\/v2\/posts\/4249"}],"collection":[{"href":"https:\/\/politicapatagonica.com\/index.php\/wp-json\/wp\/v2\/posts"}],"about":[{"href":"https:\/\/politicapatagonica.com\/index.php\/wp-json\/wp\/v2\/types\/post"}],"author":[{"embeddable":true,"href":"https:\/\/politicapatagonica.com\/index.php\/wp-json\/wp\/v2\/users\/5"}],"replies":[{"embeddable":true,"href":"https:\/\/politicapatagonica.com\/index.php\/wp-json\/wp\/v2\/comments?post=4249"}],"version-history":[{"count":2,"href":"https:\/\/politicapatagonica.com\/index.php\/wp-json\/wp\/v2\/posts\/4249\/revisions"}],"predecessor-version":[{"id":4252,"href":"https:\/\/politicapatagonica.com\/index.php\/wp-json\/wp\/v2\/posts\/4249\/revisions\/4252"}],"wp:featuredmedia":[{"embeddable":true,"href":"https:\/\/politicapatagonica.com\/index.php\/wp-json\/wp\/v2\/media\/4250"}],"wp:attachment":[{"href":"https:\/\/politicapatagonica.com\/index.php\/wp-json\/wp\/v2\/media?parent=4249"}],"wp:term":[{"taxonomy":"category","embeddable":true,"href":"https:\/\/politicapatagonica.com\/index.php\/wp-json\/wp\/v2\/categories?post=4249"},{"taxonomy":"post_tag","embeddable":true,"href":"https:\/\/politicapatagonica.com\/index.php\/wp-json\/wp\/v2\/tags?post=4249"}],"curies":[{"name":"wp","href":"https:\/\/api.w.org\/{rel}","templated":true}]}}