{"id":4220,"date":"2024-06-25T23:25:32","date_gmt":"2024-06-25T23:25:32","guid":{"rendered":"https:\/\/politicapatagonica.com\/?p=4220"},"modified":"2024-06-26T10:52:39","modified_gmt":"2024-06-26T10:52:39","slug":"el-gobierno-pidio-a-diputados-pampeanos-rechazar-el-paquete-fiscal","status":"publish","type":"post","link":"https:\/\/politicapatagonica.com\/index.php\/2024\/06\/25\/el-gobierno-pidio-a-diputados-pampeanos-rechazar-el-paquete-fiscal\/","title":{"rendered":"El Gobierno provincial pidi\u00f3 a diputados pampeanos que rechacen el paquete fiscal de Milei"},"content":{"rendered":"\n<p>Con un pormenorizado informe emitido por la Subsecretar\u00eda de Ingresos P\u00fablicos, con datos emanados de la Oficina de Presupuesto del Congreso, <strong>el Gobierno Provincial le pidi\u00f3 a los legisladores nacionales pampeanos que rechacen el paquete fiscal.<\/strong><\/p>\n\n\n\n<figure class=\"wp-block-image\"><img decoding=\"async\" src=\"https:\/\/www.eldiariodelapampa.com.ar\/\/img\/publicaciones\/2024\/06\/25\/alta\/556994-t.jpg\" alt=\"\"\/><\/figure>\n\n\n\n<p>En la iniciativa del presidente Javier Milei se proyectan disminuciones desde 2024 aunque <strong>se consolidar\u00e1n a partir de 2028 en adelante, producto de la progresiva y fuerte baja del impuesto a los Bienes Personales a los altos patrimonios.<\/strong><\/p>\n\n\n\n<p>En Casa de Gobierno sostienen que, <strong>pesar del incremento de recaudaci\u00f3n del Impuesto a las Ganancias que aportar\u00e1n los salarios, al mismo tiempo se restar\u00e1 flujo al consumo &#8220;impactando negativamente en el circuito econ\u00f3mico&#8221;.<\/strong><\/p>\n\n\n\n<figure class=\"wp-block-image\"><img decoding=\"async\" src=\"https:\/\/www.eldiariodelapampa.com.ar\/\/img\/publicaciones\/2024\/06\/25\/alta\/556995-t.jpg\" alt=\"\"\/><\/figure>\n\n\n\n<p><strong>&#8220;A esto podr\u00eda sumarse la recaudaci\u00f3n &#8216;por \u00fanica vez&#8217; del blanqueo de capitales, cuyo impacto fiscal la oficina de presupuesto del Congreso admite que &#8216;no se puede calcular&#8217; porque &#8216;no se cuenta con elementos para trazar un escenario probable de montos&#8217;. Tampoco se conocen proyecciones del Gobierno nacional&#8221;, especific\u00f3 un comunicado oficial del Gobierno pampeano.<\/strong><\/p>\n\n\n\n<figure class=\"wp-block-image\"><img decoding=\"async\" src=\"https:\/\/www.eldiariodelapampa.com.ar\/\/img\/publicaciones\/2024\/06\/25\/alta\/556996-t.jpg\" alt=\"\"\/><\/figure>\n\n\n\n<p>Luego dice que &#8220;es necesario se\u00f1alar en forma concisa el impacto global de las medidas que se est\u00e1n debatiendo en el marco del Poder Legislativo Nacional, concluy\u00e9ndose respecto del erario provincial y municipales que:<\/p>\n\n\n\n<p><em>&#8211; <strong>Las medidas fiscales planteadas que tienen impacto permanente, resultan desde un punto de vista estrictamente fiscal desfavorables para el sostenimiento del Estado provincial y el de los Municipios y Comisiones de Fomento de la Provincia de La Pampa.<\/strong> Ejemplo de ello es que la reducci\u00f3n del Impuesto a los Bienes Personales asciende al 0,36 % del PBI mientras que el incremento de recursos por Impuesto a las Ganancias solo llega al 0,25 %.<\/em><\/p>\n\n\n\n<p><em>&#8211; Las medidas con impacto por \u00fanica vez podr\u00edan, en caso de un aceptable nivel de adhesi\u00f3n, s\u00f3lo podr\u00edan morigerar el impacto negativo en el presente ejercicio fiscal y parcialmente en 2025.<\/em><\/p>\n\n\n\n<p><em>&#8211; Adem\u00e1s, no puede obviarse el impacto negativo que sufrir\u00e1 el consumo, producto de la disminuci\u00f3n de su salario afectado por el impuesto a las Ganancias. Se estima que ser\u00e1n alrededor de $ 8.000 millones que se descontar\u00e1n durante el segundo semestre de 2024 y que ser\u00e1n 13.400 trabajadoras y trabajadores pampeanos los que ver\u00e1n afectado su poder adquisitivo&#8221;.<\/em><\/p>\n\n\n\n<p>La nota enviada a las diputadas&nbsp;<strong>Marcela Colli y Varinia Mar\u00edn y los diputados Mart\u00edn Maquieyra, Mart\u00edn Ardohain y Ariel Rauschenberger<\/strong>&nbsp;<strong>concluye con la solicitud de rechazo del paquete fiscal &#8220;en orden a la necesaria defensa del federalismo fiscal y de la sustentabilidad de las finanzas provinciales y municipales&#8221;.<\/strong><\/p>\n\n\n\n<p>Asimismo, desde el ministerio de Gobierno y Asuntos Municipales, se hizo llegar la nota con el informe emitido por la Subsecretar\u00eda de Ingresos P\u00fablicos provincial con datos emanados de la Oficina de Presupuesto del Congreso a todas las Municipalidades y Comisiones de Fomento de la provincia.<\/p>\n\n\n\n<p><strong>Fuente: www.eldiariodelapampa.com.ar<\/strong><\/p>\n","protected":false},"excerpt":{"rendered":"<p>Con un pormenorizado informe emitido por la Subsecretar\u00eda de Ingresos P\u00fablicos, con datos emanados de la Oficina de Presupuesto del Congreso, el Gobierno Provincial le pidi\u00f3 a los legisladores nacionales pampeanos que rechacen el paquete fiscal. En la iniciativa del presidente Javier Milei se proyectan disminuciones desde 2024 aunque se consolidar\u00e1n a partir de 2028 [&hellip;]<\/p>\n","protected":false},"author":5,"featured_media":4221,"comment_status":"open","ping_status":"open","sticky":false,"template":"","format":"standard","meta":[],"categories":[10],"tags":[],"_links":{"self":[{"href":"https:\/\/politicapatagonica.com\/index.php\/wp-json\/wp\/v2\/posts\/4220"}],"collection":[{"href":"https:\/\/politicapatagonica.com\/index.php\/wp-json\/wp\/v2\/posts"}],"about":[{"href":"https:\/\/politicapatagonica.com\/index.php\/wp-json\/wp\/v2\/types\/post"}],"author":[{"embeddable":true,"href":"https:\/\/politicapatagonica.com\/index.php\/wp-json\/wp\/v2\/users\/5"}],"replies":[{"embeddable":true,"href":"https:\/\/politicapatagonica.com\/index.php\/wp-json\/wp\/v2\/comments?post=4220"}],"version-history":[{"count":2,"href":"https:\/\/politicapatagonica.com\/index.php\/wp-json\/wp\/v2\/posts\/4220\/revisions"}],"predecessor-version":[{"id":4225,"href":"https:\/\/politicapatagonica.com\/index.php\/wp-json\/wp\/v2\/posts\/4220\/revisions\/4225"}],"wp:featuredmedia":[{"embeddable":true,"href":"https:\/\/politicapatagonica.com\/index.php\/wp-json\/wp\/v2\/media\/4221"}],"wp:attachment":[{"href":"https:\/\/politicapatagonica.com\/index.php\/wp-json\/wp\/v2\/media?parent=4220"}],"wp:term":[{"taxonomy":"category","embeddable":true,"href":"https:\/\/politicapatagonica.com\/index.php\/wp-json\/wp\/v2\/categories?post=4220"},{"taxonomy":"post_tag","embeddable":true,"href":"https:\/\/politicapatagonica.com\/index.php\/wp-json\/wp\/v2\/tags?post=4220"}],"curies":[{"name":"wp","href":"https:\/\/api.w.org\/{rel}","templated":true}]}}