{"id":4207,"date":"2024-06-24T23:46:18","date_gmt":"2024-06-24T23:46:18","guid":{"rendered":"https:\/\/politicapatagonica.com\/?p=4207"},"modified":"2024-06-25T12:36:09","modified_gmt":"2024-06-25T12:36:09","slug":"la-justicia-fallo-a-favor-de-treffinger-y-la-libertad-avanza-se-conforma-en-chubut","status":"publish","type":"post","link":"https:\/\/politicapatagonica.com\/index.php\/2024\/06\/24\/la-justicia-fallo-a-favor-de-treffinger-y-la-libertad-avanza-se-conforma-en-chubut\/","title":{"rendered":"La Justicia fall\u00f3 a favor del diputado Treffinger y La Libertad Avanza se conforma en Chubut"},"content":{"rendered":"\n<p><strong>La Justicia Federal emiti\u00f3 su fallo respecto a la disputa por el nombre de La Libertad Avanza para la conformaci\u00f3n como partido pol\u00edtico en Chubut.<\/strong><\/p>\n\n\n\n<p>El\u00a0conflicto se origin\u00f3 cuando el diputado nacional <strong>C\u00e9sar Treffinger<\/strong> solicit\u00f3 el cambio de denominaci\u00f3n de su espacio Ciudadanos por Chubut, <strong>lo cual fue objetado por\u00a0Diego Brand\u00e1n<\/strong>, referente de<em>\u00a0<\/em>La Libertad Avanza\u00a0en Rawson.<\/p>\n\n\n\n<p>Por el reclamo se hicieron presentes en el Juzgado Federal de Rawson el presidente de la C\u00e1mara de Diputados de la Naci\u00f3n, <strong>Mart\u00edn Menem<\/strong>; y la secretaria General de la Presidencia, Karina Milei; para respaldar el pedido de Treffinger como representantes del partido a nivel nacional.<\/p>\n\n\n\n<p>Finalmente, este lunes <strong>la Justicia decidi\u00f3 rechazar el planteo de Brand\u00e1n<\/strong>, con lo cual aprob\u00f3 el cambio de denominaci\u00f3n del partido y La Libertad Avanza se constituye as\u00ed como espacio a nivel provincial.<\/p>\n\n\n\n<figure class=\"wp-block-image\"><img decoding=\"async\" src=\"https:\/\/pxb.cdn.elchubut.com.ar\/chubut\/062024\/1719254258453\/lla%20ch%20(2).jpg?cw=807\" alt=\"\" title=\"\"\/><\/figure>\n\n\n\n<p><strong>Fuente: www.elchubut.com.ar<\/strong><\/p>\n","protected":false},"excerpt":{"rendered":"<p>La Justicia Federal emiti\u00f3 su fallo respecto a la disputa por el nombre de La Libertad Avanza para la conformaci\u00f3n como partido pol\u00edtico en Chubut. El\u00a0conflicto se origin\u00f3 cuando el diputado nacional C\u00e9sar Treffinger solicit\u00f3 el cambio de denominaci\u00f3n de su espacio Ciudadanos por Chubut, lo cual fue objetado por\u00a0Diego Brand\u00e1n, referente de\u00a0La Libertad Avanza\u00a0en [&hellip;]<\/p>\n","protected":false},"author":5,"featured_media":4208,"comment_status":"open","ping_status":"open","sticky":false,"template":"","format":"standard","meta":[],"categories":[14],"tags":[],"_links":{"self":[{"href":"https:\/\/politicapatagonica.com\/index.php\/wp-json\/wp\/v2\/posts\/4207"}],"collection":[{"href":"https:\/\/politicapatagonica.com\/index.php\/wp-json\/wp\/v2\/posts"}],"about":[{"href":"https:\/\/politicapatagonica.com\/index.php\/wp-json\/wp\/v2\/types\/post"}],"author":[{"embeddable":true,"href":"https:\/\/politicapatagonica.com\/index.php\/wp-json\/wp\/v2\/users\/5"}],"replies":[{"embeddable":true,"href":"https:\/\/politicapatagonica.com\/index.php\/wp-json\/wp\/v2\/comments?post=4207"}],"version-history":[{"count":4,"href":"https:\/\/politicapatagonica.com\/index.php\/wp-json\/wp\/v2\/posts\/4207\/revisions"}],"predecessor-version":[{"id":4215,"href":"https:\/\/politicapatagonica.com\/index.php\/wp-json\/wp\/v2\/posts\/4207\/revisions\/4215"}],"wp:featuredmedia":[{"embeddable":true,"href":"https:\/\/politicapatagonica.com\/index.php\/wp-json\/wp\/v2\/media\/4208"}],"wp:attachment":[{"href":"https:\/\/politicapatagonica.com\/index.php\/wp-json\/wp\/v2\/media?parent=4207"}],"wp:term":[{"taxonomy":"category","embeddable":true,"href":"https:\/\/politicapatagonica.com\/index.php\/wp-json\/wp\/v2\/categories?post=4207"},{"taxonomy":"post_tag","embeddable":true,"href":"https:\/\/politicapatagonica.com\/index.php\/wp-json\/wp\/v2\/tags?post=4207"}],"curies":[{"name":"wp","href":"https:\/\/api.w.org\/{rel}","templated":true}]}}