{"id":4202,"date":"2024-06-19T22:37:10","date_gmt":"2024-06-19T22:37:10","guid":{"rendered":"https:\/\/politicapatagonica.com\/?p=4202"},"modified":"2024-06-25T12:39:48","modified_gmt":"2024-06-25T12:39:48","slug":"weretilneck-redoblo-medidas-por-certificados-medicos-falsos","status":"publish","type":"post","link":"https:\/\/politicapatagonica.com\/index.php\/2024\/06\/19\/weretilneck-redoblo-medidas-por-certificados-medicos-falsos\/","title":{"rendered":"Weretilneck redobl\u00f3 medidas por certificados m\u00e9dicos falsos en el Gobierno de R\u00edo Negro"},"content":{"rendered":"\n<p><strong>El gobernador Alberto Weretilneck redobl\u00f3 la apuesta y anunci\u00f3 medidas contra el ausentismo en la administraci\u00f3n p\u00fablica, <\/strong>se\u00f1alando la complicidad de m\u00e9dicos en la emisi\u00f3n de certificados m\u00e9dicos falsos. &#8220;Habr\u00e1 consecuencias para los m\u00e9dicos y empleados p\u00fablicos&#8221;, advirti\u00f3.<\/p>\n\n\n\n<p>Antes,<strong> la secretaria de la Funci\u00f3n P\u00fablica, Tania Lastra,<\/strong> hab\u00eda adelantado que se <strong>le quitar\u00eda la matr\u00edcula<\/strong> a los m\u00e9dicos involucrados. Ahora,<strong> el mandatario avis\u00f3 que va por los trabajadores tambi\u00e9n<\/strong>.<\/p>\n\n\n\n<p>Mediante un minucioso trabajo, que realizaron diversos organismos de control de la provincia, se detect\u00f3 que <strong>la mayor\u00eda de las ciudades enfrentan un problema generalizado donde los m\u00e9dicos han expedido certificados de manera irregular,<\/strong> generando p\u00e9rdidas millonarias al estado, indic\u00f3 el Gobierno.<\/p>\n\n\n\n<p><strong>&#8220;Hoy en d\u00eda, en un contexto laboral tan cr\u00edtico, es inaceptable que algunos agentes p\u00fablicos eludan sus responsabilidades mediante pr\u00e1cticas ilegales&#8221;,<\/strong> afirm\u00f3 Weretilneck. &#8220;Estamos comprometidos a devolver a la comunidad el esfuerzo que hacen los contribuyentes, cumpliendo con nuestros deberes de manera \u00edntegra\u201d, a\u00f1adi\u00f3.<\/p>\n\n\n\n<p>El Gobernador subray\u00f3 que <strong>la presentaci\u00f3n de certificados m\u00e9dicos falsos no solo perjudica al Estado, sino tambi\u00e9n a la comunidad en su conjunto. <\/strong>&#8220;Una vez comprobadas estas irregularidades, procederemos ante la junta de disciplina de la provincia&#8221;, advirti\u00f3.<\/p>\n\n\n\n<p>&#8220;De esta manera Weretilneck ratifica el compromiso de la actual gesti\u00f3n con la transparencia y una administraci\u00f3n p\u00fablica responsable, buscando garantizar la eficiencia estatal&#8221;, concluy\u00f3 un comunicado oficial.<\/p>\n\n\n\n<p><strong>Fuente: adnrionegro.com.ar<\/strong><\/p>\n","protected":false},"excerpt":{"rendered":"<p>El gobernador Alberto Weretilneck redobl\u00f3 la apuesta y anunci\u00f3 medidas contra el ausentismo en la administraci\u00f3n p\u00fablica, se\u00f1alando la complicidad de m\u00e9dicos en la emisi\u00f3n de certificados m\u00e9dicos falsos. &#8220;Habr\u00e1 consecuencias para los m\u00e9dicos y empleados p\u00fablicos&#8221;, advirti\u00f3. Antes, la secretaria de la Funci\u00f3n P\u00fablica, Tania Lastra, hab\u00eda adelantado que se le quitar\u00eda la matr\u00edcula [&hellip;]<\/p>\n","protected":false},"author":5,"featured_media":4204,"comment_status":"open","ping_status":"open","sticky":false,"template":"","format":"standard","meta":[],"categories":[13],"tags":[],"_links":{"self":[{"href":"https:\/\/politicapatagonica.com\/index.php\/wp-json\/wp\/v2\/posts\/4202"}],"collection":[{"href":"https:\/\/politicapatagonica.com\/index.php\/wp-json\/wp\/v2\/posts"}],"about":[{"href":"https:\/\/politicapatagonica.com\/index.php\/wp-json\/wp\/v2\/types\/post"}],"author":[{"embeddable":true,"href":"https:\/\/politicapatagonica.com\/index.php\/wp-json\/wp\/v2\/users\/5"}],"replies":[{"embeddable":true,"href":"https:\/\/politicapatagonica.com\/index.php\/wp-json\/wp\/v2\/comments?post=4202"}],"version-history":[{"count":2,"href":"https:\/\/politicapatagonica.com\/index.php\/wp-json\/wp\/v2\/posts\/4202\/revisions"}],"predecessor-version":[{"id":4217,"href":"https:\/\/politicapatagonica.com\/index.php\/wp-json\/wp\/v2\/posts\/4202\/revisions\/4217"}],"wp:featuredmedia":[{"embeddable":true,"href":"https:\/\/politicapatagonica.com\/index.php\/wp-json\/wp\/v2\/media\/4204"}],"wp:attachment":[{"href":"https:\/\/politicapatagonica.com\/index.php\/wp-json\/wp\/v2\/media?parent=4202"}],"wp:term":[{"taxonomy":"category","embeddable":true,"href":"https:\/\/politicapatagonica.com\/index.php\/wp-json\/wp\/v2\/categories?post=4202"},{"taxonomy":"post_tag","embeddable":true,"href":"https:\/\/politicapatagonica.com\/index.php\/wp-json\/wp\/v2\/tags?post=4202"}],"curies":[{"name":"wp","href":"https:\/\/api.w.org\/{rel}","templated":true}]}}