{"id":4199,"date":"2024-06-18T23:01:10","date_gmt":"2024-06-18T23:01:10","guid":{"rendered":"https:\/\/politicapatagonica.com\/?p=4199"},"modified":"2024-06-18T23:01:11","modified_gmt":"2024-06-18T23:01:11","slug":"entubamiento-del-canal-necochea-lleva-un-70-de-avance-de-obra","status":"publish","type":"post","link":"https:\/\/politicapatagonica.com\/index.php\/2024\/06\/18\/entubamiento-del-canal-necochea-lleva-un-70-de-avance-de-obra\/","title":{"rendered":"Entubamiento del canal Necochea: lleva un 70% de avance de obra"},"content":{"rendered":"\n<p>El gobernador de la provincia,\u00a0<strong>Rolando Figueroa<\/strong>, y el intendente de la ciudad de Neuqu\u00e9n,\u00a0<strong>Mariano Gaido<\/strong>, recorrieron y constataron el avance de\u00a0<strong>obra\u00a0<\/strong>de\u00a0asfalto y entubamiento del\u00a0<strong>canal Necochea<\/strong>,\u00a0obra que<strong> ya super\u00f3 el 70 por ciento<\/strong> de avance en ambos frentes del proyecto. Seg\u00fan observaron, avanza tanto la pavimentaci\u00f3n de lo que ser\u00e1 la gran avenida Necochea, de cuatro carriles a lo largo unas 15 cuadras entre Avenida del Trabajador y Crouzeilles; como la del entubamiento del canal.<\/p>\n\n\n\n<p>\u201c<strong>Es una de las obras m\u00e1s importantes que estamos desarrollando en la ciudad<\/strong>, y lo estamos haciendo en equipo y en conjunto con el gobernador de la provincia.<strong> Es un proyecto que venimos pensando y planificando desde el inicio de la gesti\u00f3n con Rolando Figueroa\u201d, destac\u00f3 el intendente Gaido<\/strong>, quien estuvo acompa\u00f1ado por el mandatario provincial.<\/p>\n\n\n\n<p>Plante\u00f3 que es prioritaria por muchos motivos: \u201cel entubamiento del canal Necochea es algo que ven\u00edan pidiendo todos los vecinos del Oeste; y adem\u00e1s la conectividad que se va a generar entre el norte y el sur, y con toda la ciudad, a trav\u00e9s de esta gran avenida que estamos viendo como avanza ser\u00e1 transformadora\u201d.<\/p>\n\n\n\n<p>Dijo que este tipo de obras, \u201cno solo va a&nbsp;<strong>beneficiar a todos los vecinos<\/strong>&nbsp;y vecinas que transitan de un lado al otro; sino t<strong>ambi\u00e9n a quienes se conectan directamente con ella como son los barrios Canal 5, San Lorenzo Sur, San Lorenzo Norte, Gran Neuqu\u00e9n Sur<\/strong>\u201d.<\/p>\n\n\n\n<p>En este marco, agradeci\u00f3 al gobernador por \u201cdar para adelante a una obra que hace mucho tiempo la ciudad estaba planificando. Realmente necesit\u00e1bamos su acompa\u00f1amiento para poder hacerla\u201d, agreg\u00f3.<\/p>\n\n\n\n<h2><strong>\u00bfCu\u00e1ndo se terminar\u00e1 la obra en el canal Necochea?<\/strong><\/h2>\n\n\n\n<p>El jefe comunal se\u00f1al\u00f3 que, con el apoyo provincial, se podr\u00e1 inaugurar pronto. E incluso adelant\u00f3 que <strong>el objetivo es cortar las cintas en el mes aniversario de la ciudad, en alusi\u00f3n a diciembre.<\/strong><\/p>\n\n\n\n<p>\u201c<strong>Estas obras son las que hacen historia. Mariano me contagi\u00f3 el entusiasmo que ten\u00eda por este proyecto e inmediatamente dije c\u00f3mo podemos colaborar, y as\u00ed es como estamos avanzando<\/strong>\u201d, agreg\u00f3 Figueroa.<\/p>\n\n\n\n<p>\u201c<strong>Ahora el Oeste va a estar vinculado de otra manera<\/strong>\u201d, vaticin\u00f3 el gobernador y a\u00f1adi\u00f3: \u201cVamos a seguir trabajando en este sentido, en hacerle la vida m\u00e1s f\u00e1cil al ciudadano, m\u00e1s accesible, con una mirada moderna e innovadora de la ciudad que es lo que nosotros estamos buscando en cada uno de los intendentes de la provincia\u201d.<\/p>\n\n\n\n<p>\u201cEste entusiasmo que me ha contagiado Mariano lo vamos a seguir llevando adelante en distintos puntos de la capital porque esta ciudad permanentemente crece y demanda\u201d, agreg\u00f3 Figueroa.<\/p>\n\n\n\n<h2><strong>Caracter\u00edsticas de la obra<\/strong><\/h2>\n\n\n\n<p>Respecto a los detalles t\u00e9cnicos de la obra se explic\u00f3 que la longitud del entubamiento es de aproximadamente 1550 metros lineales y la pavimentaci\u00f3n de la calzada este (en direcci\u00f3n sur-norte) de aproximadamente 12.387 m2 realizada en hormig\u00f3n simple con un espesor de 19 cm.<\/p>\n\n\n\n<p><strong>Fuente: www.lmneuquen.com<\/strong><\/p>\n","protected":false},"excerpt":{"rendered":"<p>El gobernador de la provincia,\u00a0Rolando Figueroa, y el intendente de la ciudad de Neuqu\u00e9n,\u00a0Mariano Gaido, recorrieron y constataron el avance de\u00a0obra\u00a0de\u00a0asfalto y entubamiento del\u00a0canal Necochea,\u00a0obra que ya super\u00f3 el 70 por ciento de avance en ambos frentes del proyecto. Seg\u00fan observaron, avanza tanto la pavimentaci\u00f3n de lo que ser\u00e1 la gran avenida Necochea, de cuatro [&hellip;]<\/p>\n","protected":false},"author":5,"featured_media":4200,"comment_status":"open","ping_status":"open","sticky":false,"template":"","format":"standard","meta":[],"categories":[9],"tags":[],"_links":{"self":[{"href":"https:\/\/politicapatagonica.com\/index.php\/wp-json\/wp\/v2\/posts\/4199"}],"collection":[{"href":"https:\/\/politicapatagonica.com\/index.php\/wp-json\/wp\/v2\/posts"}],"about":[{"href":"https:\/\/politicapatagonica.com\/index.php\/wp-json\/wp\/v2\/types\/post"}],"author":[{"embeddable":true,"href":"https:\/\/politicapatagonica.com\/index.php\/wp-json\/wp\/v2\/users\/5"}],"replies":[{"embeddable":true,"href":"https:\/\/politicapatagonica.com\/index.php\/wp-json\/wp\/v2\/comments?post=4199"}],"version-history":[{"count":1,"href":"https:\/\/politicapatagonica.com\/index.php\/wp-json\/wp\/v2\/posts\/4199\/revisions"}],"predecessor-version":[{"id":4201,"href":"https:\/\/politicapatagonica.com\/index.php\/wp-json\/wp\/v2\/posts\/4199\/revisions\/4201"}],"wp:featuredmedia":[{"embeddable":true,"href":"https:\/\/politicapatagonica.com\/index.php\/wp-json\/wp\/v2\/media\/4200"}],"wp:attachment":[{"href":"https:\/\/politicapatagonica.com\/index.php\/wp-json\/wp\/v2\/media?parent=4199"}],"wp:term":[{"taxonomy":"category","embeddable":true,"href":"https:\/\/politicapatagonica.com\/index.php\/wp-json\/wp\/v2\/categories?post=4199"},{"taxonomy":"post_tag","embeddable":true,"href":"https:\/\/politicapatagonica.com\/index.php\/wp-json\/wp\/v2\/tags?post=4199"}],"curies":[{"name":"wp","href":"https:\/\/api.w.org\/{rel}","templated":true}]}}