{"id":4180,"date":"2024-06-10T23:54:46","date_gmt":"2024-06-10T23:54:46","guid":{"rendered":"https:\/\/politicapatagonica.com\/?p=4180"},"modified":"2024-06-10T23:54:56","modified_gmt":"2024-06-10T23:54:56","slug":"figueroa-homenajeo-a-los-heroes-de-malvinas-y-les-dedico-un-reconocimiento-especial","status":"publish","type":"post","link":"https:\/\/politicapatagonica.com\/index.php\/2024\/06\/10\/figueroa-homenajeo-a-los-heroes-de-malvinas-y-les-dedico-un-reconocimiento-especial\/","title":{"rendered":"Figueroa homenaje\u00f3 a los h\u00e9roes de Malvinas y les dedic\u00f3 un reconocimiento especial"},"content":{"rendered":"\n<p>El gobernador\u00a0<strong>Rolando Figueroa<\/strong>\u00a0y el intendente de Zapala,\u00a0<strong>Carlos Koopmann Irizar<\/strong>, inauguraron el monumento Soldado de Malvinas. El evento cont\u00f3 con la participaci\u00f3n de funcionarios provinciales y municipales, diputados nacionales y provinciales, veteranos y familiares de combatientes de todo el pa\u00eds, as\u00ed como intendentes de varias localidades de la provincia.<\/p>\n\n\n\n<p><strong>La obra, creada por Aldo Beroiza, tiene una altura de 17 metros, convirti\u00e9ndose en el monumento al Soldado Argentino m\u00e1s grande del pa\u00eds.<\/strong><\/p>\n\n\n\n<p>Figueroa homenaje\u00f3 a los j\u00f3venes h\u00e9roes y dedic\u00f3 un reconocimiento especial a los combatientes neuquinos. &#8220;El arte de Aldo es el arte de la mano de los neuquinos; aplaudo el esfuerzo y la visi\u00f3n del intendente Carlos Koopmann, de poder plantar en el centro de los neuquinos esta figura que d\u00eda a d\u00eda nos va a malvinizar y nos recordar\u00e1 el coraje de nuestros h\u00e9roes&#8221;, expres\u00f3 el mandatario.<\/p>\n\n\n\n<p>&#8220;Muchas veces, en cada hito que nos llama a unirnos, algunos buscan divisiones. Y las divisiones no deben existir en un pueblo que est\u00e1 unido detr\u00e1s de una bandera&#8221;, afirm\u00f3 Figueroa.&nbsp;<\/p>\n\n\n\n<p>A\u00f1adi\u00f3 que &#8220;los soldados argentinos combatieron con honor y entrega. Este homenaje permitir\u00e1 a cada uno poner la cara de todos los soldados, recordando a m\u00e1s de los 23.000 movilizados y los 11.000 h\u00e9roes que participaron en la guerra de Malvinas. 649 h\u00e9roes quedaron en la isla, y muchos otros est\u00e1n entre nosotros todos los d\u00edas&#8221;.<\/p>\n\n\n\n<p>El gobernador subray\u00f3 la importancia de no olvidar el sacrificio de estos j\u00f3venes y la necesidad de seguir record\u00e1ndolos. &#8220;No olvidemos todo lo que vivieron estos j\u00f3venes, el fr\u00edo del Atl\u00e1ntico Sur que soportaron, pero lo que no podemos permitir es que estos j\u00f3venes h\u00e9roes padezcan el fr\u00edo de nuestro cari\u00f1o. Nosotros tenemos que seguir record\u00e1ndolos d\u00eda a d\u00eda. Son nuestros h\u00e9roes, son estos soldados, son este rostro&#8221;, concluy\u00f3.<\/p>\n\n\n\n<p>El evento tambi\u00e9n rindi\u00f3 homenaje a los combatientes neuquinos\u00a0<strong>Jorge \u00c1guila, Tulio Lacroix, Mario Flores y Eduardo De Iba\u00f1ez<\/strong>. El intendente Koopmann resalt\u00f3 que &#8220;esta monumental escultura no s\u00f3lo pasa a formar parte de nuestro paisaje, sino que se convierte en un necesario faro de memoria y homenaje a todos aquellos valientes que participaron en la gesta de Malvinas&#8221;.<\/p>\n\n\n\n<p><strong>Aldo Beroiza,<\/strong>\u00a0el creador del monumento, expres\u00f3 que &#8220;este soldado fue pensado en un momento dif\u00edcil que est\u00e1 pasando en nuestro pa\u00eds donde pr\u00e1cticamente nos han dividido. Este soldado est\u00e1 hecho para los que estuvieron en Malvinas, para los que quedaron en Malvinas y para los que estuvieron en el continente, porque somos hermanos, y no podemos estar separados en un pa\u00eds que nos necesita&#8221;, reconociendo tambi\u00e9n a las mujeres familiares de los soldados y a las mujeres que participaron en la guerra.<\/p>\n\n\n\n<p>Entre los asistentes se encontraban la vicegobernadora&nbsp;<strong>Gloria Ruiz,&nbsp;<\/strong>la ministra de Desarrollo, Gobiernos Locales y Mujeres, Julieta Corroza, y los ministros de Seguridad, Mat\u00edas Nicolini, y de Infraestructura, Rub\u00e9n Etcheverry. Luego del acto de inauguraci\u00f3n, desfilaron integrantes de varias instituciones educativas, fuerzas de seguridad y delegaciones de veteranos y familiares de distintas provincias.<\/p>\n\n\n\n<p><strong>Exitoso operativo preventivo<\/strong><\/p>\n\n\n\n<p>La Secretar\u00eda de Emergencias y Gesti\u00f3n de Riesgos despleg\u00f3 un exitoso operativo preventivo durante el acto de inauguraci\u00f3n del monumento en Zapala, que cont\u00f3 con una concurrencia de aproximadamente 10.000 personas.<\/p>\n\n\n\n<p>El operativo estuvo a cargo de la doctora&nbsp;<strong>Natalia Aldeco,<\/strong>&nbsp;referente de la regi\u00f3n centro de la secretar\u00eda, y cont\u00f3 con dos puestos m\u00e9dicos de avanzada, tres ambulancias del Sistema Integrado de Emergencias, cuatro camionetas de la direcci\u00f3n provincial de Seguridad Vial, una Central de Comunicaciones M\u00f3viles y numeroso personal.&nbsp;<\/p>\n\n\n\n<p>Durante el evento no se registraron emergencias graves y se asisti\u00f3 a 20 pacientes con cuadros de lipotimia, deshidrataci\u00f3n o descompensaciones gastrointestinales leves.<\/p>\n\n\n\n<p><strong>Fuente: www.neuquenpost.com<\/strong><\/p>\n","protected":false},"excerpt":{"rendered":"<p>El gobernador\u00a0Rolando Figueroa\u00a0y el intendente de Zapala,\u00a0Carlos Koopmann Irizar, inauguraron el monumento Soldado de Malvinas. El evento cont\u00f3 con la participaci\u00f3n de funcionarios provinciales y municipales, diputados nacionales y provinciales, veteranos y familiares de combatientes de todo el pa\u00eds, as\u00ed como intendentes de varias localidades de la provincia. La obra, creada por Aldo Beroiza, tiene [&hellip;]<\/p>\n","protected":false},"author":5,"featured_media":4181,"comment_status":"open","ping_status":"open","sticky":false,"template":"","format":"standard","meta":[],"categories":[9],"tags":[],"_links":{"self":[{"href":"https:\/\/politicapatagonica.com\/index.php\/wp-json\/wp\/v2\/posts\/4180"}],"collection":[{"href":"https:\/\/politicapatagonica.com\/index.php\/wp-json\/wp\/v2\/posts"}],"about":[{"href":"https:\/\/politicapatagonica.com\/index.php\/wp-json\/wp\/v2\/types\/post"}],"author":[{"embeddable":true,"href":"https:\/\/politicapatagonica.com\/index.php\/wp-json\/wp\/v2\/users\/5"}],"replies":[{"embeddable":true,"href":"https:\/\/politicapatagonica.com\/index.php\/wp-json\/wp\/v2\/comments?post=4180"}],"version-history":[{"count":1,"href":"https:\/\/politicapatagonica.com\/index.php\/wp-json\/wp\/v2\/posts\/4180\/revisions"}],"predecessor-version":[{"id":4182,"href":"https:\/\/politicapatagonica.com\/index.php\/wp-json\/wp\/v2\/posts\/4180\/revisions\/4182"}],"wp:featuredmedia":[{"embeddable":true,"href":"https:\/\/politicapatagonica.com\/index.php\/wp-json\/wp\/v2\/media\/4181"}],"wp:attachment":[{"href":"https:\/\/politicapatagonica.com\/index.php\/wp-json\/wp\/v2\/media?parent=4180"}],"wp:term":[{"taxonomy":"category","embeddable":true,"href":"https:\/\/politicapatagonica.com\/index.php\/wp-json\/wp\/v2\/categories?post=4180"},{"taxonomy":"post_tag","embeddable":true,"href":"https:\/\/politicapatagonica.com\/index.php\/wp-json\/wp\/v2\/tags?post=4180"}],"curies":[{"name":"wp","href":"https:\/\/api.w.org\/{rel}","templated":true}]}}