{"id":4177,"date":"2024-06-10T23:12:11","date_gmt":"2024-06-10T23:12:11","guid":{"rendered":"https:\/\/politicapatagonica.com\/?p=4177"},"modified":"2024-06-10T23:12:12","modified_gmt":"2024-06-10T23:12:12","slug":"torres-y-otros-9-gobernadores-de-juntos-por-el-cambio-transmitieron-su-apoyo-a-la-ley-bases","status":"publish","type":"post","link":"https:\/\/politicapatagonica.com\/index.php\/2024\/06\/10\/torres-y-otros-9-gobernadores-de-juntos-por-el-cambio-transmitieron-su-apoyo-a-la-ley-bases\/","title":{"rendered":"Torres y otros 9 gobernadores de Juntos por el Cambio transmitieron su apoyo a la Ley Bases"},"content":{"rendered":"\n<p>A trav\u00e9s de un documento conjunto,<strong> los gobernadores de &#8220;Juntos por el Cambio&#8221; <\/strong>s<strong>alieron a respaldar este lunes el proyecto de Ley Bases que esta semana ser\u00e1 tratado en el Senado de la Naci\u00f3n, tras el trabajo en comisiones. El proyecto cuenta con media sanci\u00f3n de diputados y este mi\u00e9rcoles ser\u00e1 tratado en el recinto de la C\u00e1mara alta del Congreso.<\/strong><\/p>\n\n\n\n<p>En este contexto, el gobernador\u00a0<strong>Ignacio Torres<\/strong>\u00a0junto a los mandatarios de la Ciudad de Buenos Aires, <strong>Jorge Macri; de Chaco,\u00a0Leandro Zdero; de Corrientes, Gustavo Vald\u00e9s; de\u00a0<br>Entre R\u00edos,\u00a0Rogelio Frigerio; de Jujuy, Carlos Sadir; de Mendoza,\u00a0Alfredo Cornejo; de San Juan, Marcelo Orrego; de San Luis, Claudio Poggi; y de Santa Fe, Maximiliano Pullaro; salieron a respaldar el proyecto, afirmando que &#8220;no hay m\u00e1s tiempo que perder&#8221;.<\/strong><\/p>\n\n\n\n<p>En el documento, se manifiesta un <strong>&#8220;apoyo contundente a la ratificaci\u00f3n y sanci\u00f3n de la Ley Bases y del paquete fiscal&#8221;<\/strong>, al sostener que &#8220;resulta indispensable darle las herramientas al Gobierno nacional para avanzar con las transformaciones que vot\u00f3 mayoritariamente la sociedad argentina&#8221;.<\/p>\n\n\n\n<p>&#8220;Cualquier dilaci\u00f3n que pueda ocurrir en el tr\u00e1mite legislativo puede afectar no solo a las finanzas nacionales, sino tambi\u00e9n a las provinciales&#8221;, sentenci\u00f3.<\/p>\n\n\n\n<p>En este contexto, se\u00f1alaron que <strong>&#8220;necesitamos dar una clara se\u00f1al a los mercados, al mundo y a los argentinos que nuestro pa\u00eds avanza hacia el equilibrio fiscal, apuesta a la inversi\u00f3n privada y moderniza su sistema laboral&#8221;.<\/strong><\/p>\n\n\n\n<p>&#8220;Todos estos ejes han encontrado un consenso mayoritario entre el oficialismo y un sector de la oposici\u00f3n constructiva y dialoguista&#8221;, apuntaron.<\/p>\n\n\n\n<p>Es por ello, que remarcaron que <strong>&#8220;no hay m\u00e1s tiempo que perder&#8221;, <\/strong>dado que &#8220;la mayor\u00eda de las provincias ha manifestado su apoyo a los instrumentos requeridos por el Gobierno nacional&#8221;.<\/p>\n\n\n\n<figure class=\"wp-block-image\"><img decoding=\"async\" src=\"https:\/\/pxb.cdn.elchubut.com.ar\/chubut\/062024\/1718048462710\/jxc%20documento.jpg?cw=807\" alt=\"\" title=\"\"\/><\/figure>\n\n\n\n<p><strong>Fuente: www.elchubut.com.ar<\/strong><\/p>\n","protected":false},"excerpt":{"rendered":"<p>A trav\u00e9s de un documento conjunto, los gobernadores de &#8220;Juntos por el Cambio&#8221; salieron a respaldar este lunes el proyecto de Ley Bases que esta semana ser\u00e1 tratado en el Senado de la Naci\u00f3n, tras el trabajo en comisiones. El proyecto cuenta con media sanci\u00f3n de diputados y este mi\u00e9rcoles ser\u00e1 tratado en el recinto [&hellip;]<\/p>\n","protected":false},"author":5,"featured_media":4178,"comment_status":"open","ping_status":"open","sticky":false,"template":"","format":"standard","meta":[],"categories":[14],"tags":[],"_links":{"self":[{"href":"https:\/\/politicapatagonica.com\/index.php\/wp-json\/wp\/v2\/posts\/4177"}],"collection":[{"href":"https:\/\/politicapatagonica.com\/index.php\/wp-json\/wp\/v2\/posts"}],"about":[{"href":"https:\/\/politicapatagonica.com\/index.php\/wp-json\/wp\/v2\/types\/post"}],"author":[{"embeddable":true,"href":"https:\/\/politicapatagonica.com\/index.php\/wp-json\/wp\/v2\/users\/5"}],"replies":[{"embeddable":true,"href":"https:\/\/politicapatagonica.com\/index.php\/wp-json\/wp\/v2\/comments?post=4177"}],"version-history":[{"count":1,"href":"https:\/\/politicapatagonica.com\/index.php\/wp-json\/wp\/v2\/posts\/4177\/revisions"}],"predecessor-version":[{"id":4179,"href":"https:\/\/politicapatagonica.com\/index.php\/wp-json\/wp\/v2\/posts\/4177\/revisions\/4179"}],"wp:featuredmedia":[{"embeddable":true,"href":"https:\/\/politicapatagonica.com\/index.php\/wp-json\/wp\/v2\/media\/4178"}],"wp:attachment":[{"href":"https:\/\/politicapatagonica.com\/index.php\/wp-json\/wp\/v2\/media?parent=4177"}],"wp:term":[{"taxonomy":"category","embeddable":true,"href":"https:\/\/politicapatagonica.com\/index.php\/wp-json\/wp\/v2\/categories?post=4177"},{"taxonomy":"post_tag","embeddable":true,"href":"https:\/\/politicapatagonica.com\/index.php\/wp-json\/wp\/v2\/tags?post=4177"}],"curies":[{"name":"wp","href":"https:\/\/api.w.org\/{rel}","templated":true}]}}