{"id":4164,"date":"2024-06-06T19:55:57","date_gmt":"2024-06-06T19:55:57","guid":{"rendered":"https:\/\/politicapatagonica.com\/?p=4164"},"modified":"2024-06-06T19:55:58","modified_gmt":"2024-06-06T19:55:58","slug":"tras-el-viaje-del-intendente-al-congreso-los-diputados-trataran-la-posible-restitucion-de-subsidios-al-transporte","status":"publish","type":"post","link":"https:\/\/politicapatagonica.com\/index.php\/2024\/06\/06\/tras-el-viaje-del-intendente-al-congreso-los-diputados-trataran-la-posible-restitucion-de-subsidios-al-transporte\/","title":{"rendered":"Tras el viaje del Intendente al Congreso los Diputados tratar\u00e1n la posible restituci\u00f3n de subsidios al transporte"},"content":{"rendered":"\n<p>El proyecto de&nbsp;<strong>Ley presentado por los intendentes propone la creaci\u00f3n del Fondo Federal de Compensaciones para los Sistemas de Transporte P\u00fablicos de Pasajeros Urbanos y Suburbanos del interior del pa\u00eds.<\/strong>&nbsp;Este fondo busca garantizar una distribuci\u00f3n equitativa de las compensaciones tarifarias y fortalecer los sistemas de servicio p\u00fablico de transporte automotor en \u00e1reas urbanas y suburbanas bajo jurisdicci\u00f3n municipal y provincial. &#8220;Queremos lo que nos corresponde\u201d, plantearon los intendentes.<\/p>\n\n\n\n<p>Desde\u00a0<strong>Uni\u00f3n por la Patria, el correntino Jorge Romero consider\u00f3 que \u201cesta comisi\u00f3n debe darle tratamiento lo m\u00e1s r\u00e1pido posible\u201d. \u201cEste no es un problema que viene de ahora, ya hace tiempo de las asimetr\u00edas. Pero ahora se agrav\u00f3 con la eliminaci\u00f3n total de los subsidios al interior\u201d, indic\u00f3.\u00a0<\/strong><\/p>\n\n\n\n<p>\u201cSi la forma va a ser el emplazamiento, lo tendremos que hacer. Porque creo que no va a ser f\u00e1cil, hay una intenci\u00f3n pol\u00edtica; termina siendo Presupuesto y Hacienda un tap\u00f3n duro para traspasarlo\u201d, coincidi\u00f3 el radical Jorge Rizzotti, quien alert\u00f3 que \u201cel perjuicio hacia el interior del pa\u00eds ya no resiste m\u00e1s\u201d.&nbsp;<strong>\u201cCon el esfuerzo de todos los argentinos se sigue subsidiando al AMBA; excede la desigualdad y la injusticia. Es cruel lo que hacen\u201d,expres\u00f3 en di\u00e1logo con medios nacionales.<\/strong><\/p>\n\n\n\n<p>En este marco el Intendente de R\u00edo Gallegos dijo que &#8220;finalmente, los legisladores agarraren el guante, varios bloques empezaron a tratar nuestro reclamo, que no es m\u00e1s que una demanda de miles de usuarios en todo el pa\u00eds impedidos de utilizar el transporte p\u00fablico por las alt\u00edsimas tarifas ante la quita de subsidios, as\u00ed como tuvimos buena recepcion de legisladores de otros bloques esperamos que todos nuestros diputados y senadores en Santa Cruz apoyen esta acci\u00f3n \u00a0y nos ayuden&#8221;, en este sentido reiter\u00f3 que &#8220;Argentina tiene que ser federal en las palabras y en las acciones. La Naci\u00f3n sac\u00f3 el subsidio al transporte, la provincia igual, y no nos llega pol\u00edtica alimentaria. No hay obra p\u00fablica, lo pone el municipio, y cuando llegamos al tema de transporte, tampoco hay m\u00e1s aportes. No podemos esperar m\u00e1s&#8221;, enfatiz\u00f3 Grasso.<\/p>\n\n\n\n<p><strong>Fuente: www.tiemposur.com<\/strong><\/p>\n","protected":false},"excerpt":{"rendered":"<p>El proyecto de&nbsp;Ley presentado por los intendentes propone la creaci\u00f3n del Fondo Federal de Compensaciones para los Sistemas de Transporte P\u00fablicos de Pasajeros Urbanos y Suburbanos del interior del pa\u00eds.&nbsp;Este fondo busca garantizar una distribuci\u00f3n equitativa de las compensaciones tarifarias y fortalecer los sistemas de servicio p\u00fablico de transporte automotor en \u00e1reas urbanas y suburbanas [&hellip;]<\/p>\n","protected":false},"author":5,"featured_media":4165,"comment_status":"open","ping_status":"open","sticky":false,"template":"","format":"standard","meta":[],"categories":[8],"tags":[],"_links":{"self":[{"href":"https:\/\/politicapatagonica.com\/index.php\/wp-json\/wp\/v2\/posts\/4164"}],"collection":[{"href":"https:\/\/politicapatagonica.com\/index.php\/wp-json\/wp\/v2\/posts"}],"about":[{"href":"https:\/\/politicapatagonica.com\/index.php\/wp-json\/wp\/v2\/types\/post"}],"author":[{"embeddable":true,"href":"https:\/\/politicapatagonica.com\/index.php\/wp-json\/wp\/v2\/users\/5"}],"replies":[{"embeddable":true,"href":"https:\/\/politicapatagonica.com\/index.php\/wp-json\/wp\/v2\/comments?post=4164"}],"version-history":[{"count":1,"href":"https:\/\/politicapatagonica.com\/index.php\/wp-json\/wp\/v2\/posts\/4164\/revisions"}],"predecessor-version":[{"id":4166,"href":"https:\/\/politicapatagonica.com\/index.php\/wp-json\/wp\/v2\/posts\/4164\/revisions\/4166"}],"wp:featuredmedia":[{"embeddable":true,"href":"https:\/\/politicapatagonica.com\/index.php\/wp-json\/wp\/v2\/media\/4165"}],"wp:attachment":[{"href":"https:\/\/politicapatagonica.com\/index.php\/wp-json\/wp\/v2\/media?parent=4164"}],"wp:term":[{"taxonomy":"category","embeddable":true,"href":"https:\/\/politicapatagonica.com\/index.php\/wp-json\/wp\/v2\/categories?post=4164"},{"taxonomy":"post_tag","embeddable":true,"href":"https:\/\/politicapatagonica.com\/index.php\/wp-json\/wp\/v2\/tags?post=4164"}],"curies":[{"name":"wp","href":"https:\/\/api.w.org\/{rel}","templated":true}]}}