{"id":4160,"date":"2024-06-06T12:48:43","date_gmt":"2024-06-06T12:48:43","guid":{"rendered":"https:\/\/politicapatagonica.com\/?p=4160"},"modified":"2024-06-06T12:48:45","modified_gmt":"2024-06-06T12:48:45","slug":"milei-enciende-la-motosierra-y-aplica-nuevos-aumentos-de-luz-y-gas","status":"publish","type":"post","link":"https:\/\/politicapatagonica.com\/index.php\/2024\/06\/06\/milei-enciende-la-motosierra-y-aplica-nuevos-aumentos-de-luz-y-gas\/","title":{"rendered":"Milei enciende la motosierra y aplica nuevos aumentos de Luz y Gas"},"content":{"rendered":"\n<p><strong>Este ajuste se debe a un aumento en el precio estacional de la energ\u00eda y cambios en los topes subsidiados<\/strong>\u00a0para los niveles N2 y N3, afectando significativamente las boletas mensuales de estos usuarios.<\/p>\n\n\n\n<p><strong>La medida fue oficializada mediante cuatro resoluciones publicadas en el Bolet\u00edn Oficial<\/strong>&nbsp;este mi\u00e9rcoles por la Secretar\u00eda de Energ\u00eda, liderada por Eduardo Chirillo, bajo el Ministerio de Econom\u00eda de Luis Caputo.<\/p>\n\n\n\n<p><strong>El nuevo precio estacional de la energ\u00eda<\/strong>\u00a0se establece en $57.214 por megawatt\/hora, un ajuste necesario tras m\u00e1s de un a\u00f1o de congelamiento en el escalaf\u00f3n mayorista. Los subsidios aplicados son del 71,9% para hogares de ingresos bajos y del 55,9% para los de ingresos medios que ya cuentan con bonificaci\u00f3n.<\/p>\n\n\n\n<p><strong><em>Objetivos del Ajuste Tarifario<\/em><\/strong><\/p>\n\n\n\n<p>De acuerdo con la Resoluci\u00f3n 94\/2024, los objetivos de la medida son focalizar los subsidios en los usuarios que realmente los necesitan, promover el consumo responsable y eficiente de la energ\u00eda y reducir gradualmente los subsidios al sector energ\u00e9tico.<\/p>\n\n\n\n<p><strong><em>Ajustes en las Tarifas de Gas<\/em><\/strong><\/p>\n\n\n\n<p>Junto a estos cambios, el Gobierno simplific\u00f3 el esquema tarifario para gas y electricidad, afectando a los hogares segmentados en tres niveles: altos (N1), bajos (N2) y medios ingresos (N3). A diferencia de ajustes previos, este nuevo esquema distribuye el costo del recorte de subsidios entre todos los usuarios, incluyendo a aquellos de ingresos bajos y medios.<\/p>\n\n\n\n<p><strong><em>Verificaci\u00f3n de Ingresos y Per\u00edodo de Transici\u00f3n<\/em><\/strong><\/p>\n\n\n\n<p>El Gobierno anunci\u00f3 que analizar\u00e1 estos ingresos, cruz\u00e1ndolos con las bases del Sistema de Identificaci\u00f3n Nacional Tributario y Social (SINTyS) y otras fuentes de informaci\u00f3n gestionadas por la Secretar\u00eda de Innovaci\u00f3n, Ciencia y Tecnolog\u00eda, para verificar los datos. Esta tarea no es sencilla, como reconoci\u00f3 la Secretar\u00eda de Energ\u00eda al se\u00f1alar las deficiencias de la segmentaci\u00f3n durante el gobierno anterior. Por ello, se estableci\u00f3 un periodo de transici\u00f3n de seis meses para implementar la Canasta B\u00e1sica Energ\u00e9tica (CBE), con la posibilidad de extenderlo hasta un a\u00f1o.<\/p>\n\n\n\n<p><strong><em>Canasta B\u00e1sica Energ\u00e9tica (CBE)<\/em><\/strong><\/p>\n\n\n\n<p>El objetivo de la CBE es que el Estado subsidie a los usuarios residenciales cuando el costo de la energ\u00eda supere un porcentaje de sus ingresos, determinado por la Secretar\u00eda de Energ\u00eda. Se espera que este porcentaje sea aproximadamente del 10% de los ingresos (5% para gas y 5% para electricidad). En estos casos, el Estado realizar\u00e1 una transferencia directa al beneficiario a trav\u00e9s de una tarjeta virtual o CBU, o mediante un descuento en la factura.<\/p>\n\n\n\n<p><strong><em>Incremento en la Factura de Gas<\/em><\/strong><\/p>\n\n\n\n<p>El precio del gas en la factura final del usuario aumentar\u00e1 a partir del mes de junio de 2024. El aumento exacto depender\u00e1 del consumo de cada usuario y del esquema de subsidios al que aplique.<\/p>\n\n\n\n<p><strong><em>Supervisi\u00f3n y Ajustes<\/em><\/strong><\/p>\n\n\n\n<p>La Secretar\u00eda de Energ\u00eda supervisar\u00e1 la implementaci\u00f3n de estos cambios y realizar\u00e1 ajustes necesarios durante el Per\u00edodo de Transici\u00f3n para asegurar una adecuada distribuci\u00f3n de los subsidios y promover h\u00e1bitos de consumo responsable y eficiente.<\/p>\n\n\n\n<p><strong>Fuente: www.noticiasnet.com.ar<\/strong><\/p>\n","protected":false},"excerpt":{"rendered":"<p>Este ajuste se debe a un aumento en el precio estacional de la energ\u00eda y cambios en los topes subsidiados\u00a0para los niveles N2 y N3, afectando significativamente las boletas mensuales de estos usuarios. La medida fue oficializada mediante cuatro resoluciones publicadas en el Bolet\u00edn Oficial&nbsp;este mi\u00e9rcoles por la Secretar\u00eda de Energ\u00eda, liderada por Eduardo Chirillo, [&hellip;]<\/p>\n","protected":false},"author":5,"featured_media":4161,"comment_status":"open","ping_status":"open","sticky":false,"template":"","format":"standard","meta":[],"categories":[15],"tags":[],"_links":{"self":[{"href":"https:\/\/politicapatagonica.com\/index.php\/wp-json\/wp\/v2\/posts\/4160"}],"collection":[{"href":"https:\/\/politicapatagonica.com\/index.php\/wp-json\/wp\/v2\/posts"}],"about":[{"href":"https:\/\/politicapatagonica.com\/index.php\/wp-json\/wp\/v2\/types\/post"}],"author":[{"embeddable":true,"href":"https:\/\/politicapatagonica.com\/index.php\/wp-json\/wp\/v2\/users\/5"}],"replies":[{"embeddable":true,"href":"https:\/\/politicapatagonica.com\/index.php\/wp-json\/wp\/v2\/comments?post=4160"}],"version-history":[{"count":1,"href":"https:\/\/politicapatagonica.com\/index.php\/wp-json\/wp\/v2\/posts\/4160\/revisions"}],"predecessor-version":[{"id":4162,"href":"https:\/\/politicapatagonica.com\/index.php\/wp-json\/wp\/v2\/posts\/4160\/revisions\/4162"}],"wp:featuredmedia":[{"embeddable":true,"href":"https:\/\/politicapatagonica.com\/index.php\/wp-json\/wp\/v2\/media\/4161"}],"wp:attachment":[{"href":"https:\/\/politicapatagonica.com\/index.php\/wp-json\/wp\/v2\/media?parent=4160"}],"wp:term":[{"taxonomy":"category","embeddable":true,"href":"https:\/\/politicapatagonica.com\/index.php\/wp-json\/wp\/v2\/categories?post=4160"},{"taxonomy":"post_tag","embeddable":true,"href":"https:\/\/politicapatagonica.com\/index.php\/wp-json\/wp\/v2\/tags?post=4160"}],"curies":[{"name":"wp","href":"https:\/\/api.w.org\/{rel}","templated":true}]}}