{"id":4156,"date":"2024-06-05T21:41:10","date_gmt":"2024-06-05T21:41:10","guid":{"rendered":"https:\/\/politicapatagonica.com\/?p=4156"},"modified":"2024-06-05T21:41:11","modified_gmt":"2024-06-05T21:41:11","slug":"rutas-nacionales-en-rio-negro-criticas-de-lla-a-donate-pj","status":"publish","type":"post","link":"https:\/\/politicapatagonica.com\/index.php\/2024\/06\/05\/rutas-nacionales-en-rio-negro-criticas-de-lla-a-donate-pj\/","title":{"rendered":"Rutas nacionales en R\u00edo Negro: cr\u00edticas de LLA a Do\u00f1ate (PJ)"},"content":{"rendered":"\n<p>Do\u00f1ate ahora reclama por el estado de las rutas, pero &#8220;<strong>ha sido parte del gobierno que no pudo cumplir con estas obras<\/strong>&#8220;. <strong>As\u00ed respondieron los legisladores de La Libertad Avanza al senador Mart\u00edn Do\u00f1ate (PJ) <\/strong>por el reclamo que realiz\u00f3 al gobierno nacional para que habilite fondos para obra p\u00fablica, especialmente en la red vial.<\/p>\n\n\n\n<p><strong>C\u00e9sar Dom\u00ednguez, Santiago Ibarrolaza y Patricia Mc Kidd pusieron como uno de los ejemplos a la Ruta 23, que comenz\u00f3 a construirse en 1994.<\/strong><\/p>\n\n\n\n<p>Desde el bloque (en conformaci\u00f3n) libertario recordaron que en abril de 2023,<strong> &#8220;Do\u00f1ate apoy\u00f3 al actual gobernador rionegrino, siendo parte del mismo gobierno que, seg\u00fan los legisladores, ha fallado en mejorar las rutas provinciales y nacionales&#8221;. <\/strong>Do\u00f1ate ahora reclama por el estado de las rutas, pero ha sido parte del gobierno que no pudo cumplir con estas obras, subrayaron.<\/p>\n\n\n\n<p>Los legisladores se\u00f1alaron varias obras inconclusas y atrasadas, incluyendo la ruta hacia Los Menucos, la rotonda de Choele Choel, y la ruta nacional 22 entre Godoy y Cipolletti.<strong> &#8220;Estas obras se han prolongado durante a\u00f1os sin resultados concretos&#8221;<\/strong>, afirmaron.<\/p>\n\n\n\n<p>Adem\u00e1s, <strong>criticaron la gesti\u00f3n del gobierno nacional en relaci\u00f3n con la ruta provincial 151 y la ruta nacional 23, esta \u00faltima en construcci\u00f3n desde 1994. Los legisladores destacaron que el costo de estas obras ha sido significativo sin que se vean finalizadas<\/strong>. Es esencial que el senador se enfoque en buscar soluciones en lugar de simplemente criticar, enfatizaron.<\/p>\n\n\n\n<p>Finalmente, los legisladores instaron a Do\u00f1ate a &#8220;asumir responsabilidad y colaborar en la b\u00fasqueda de soluciones para mejorar la infraestructura vial de R\u00edo Negro&#8221;.<strong> &#8220;Necesitamos que los pol\u00edticos sean parte de la soluci\u00f3n y no del problema. Es fundamental trabajar juntos para asegurar un mejor futuro para nuestra provincia y pa\u00eds&#8221;, concluyeron.<\/strong><\/p>\n\n\n\n<p><strong>Fuente: adnrionegro.com.ar<\/strong><\/p>\n","protected":false},"excerpt":{"rendered":"<p>Do\u00f1ate ahora reclama por el estado de las rutas, pero &#8220;ha sido parte del gobierno que no pudo cumplir con estas obras&#8220;. As\u00ed respondieron los legisladores de La Libertad Avanza al senador Mart\u00edn Do\u00f1ate (PJ) por el reclamo que realiz\u00f3 al gobierno nacional para que habilite fondos para obra p\u00fablica, especialmente en la red vial. [&hellip;]<\/p>\n","protected":false},"author":5,"featured_media":4158,"comment_status":"open","ping_status":"open","sticky":false,"template":"","format":"standard","meta":[],"categories":[13],"tags":[],"_links":{"self":[{"href":"https:\/\/politicapatagonica.com\/index.php\/wp-json\/wp\/v2\/posts\/4156"}],"collection":[{"href":"https:\/\/politicapatagonica.com\/index.php\/wp-json\/wp\/v2\/posts"}],"about":[{"href":"https:\/\/politicapatagonica.com\/index.php\/wp-json\/wp\/v2\/types\/post"}],"author":[{"embeddable":true,"href":"https:\/\/politicapatagonica.com\/index.php\/wp-json\/wp\/v2\/users\/5"}],"replies":[{"embeddable":true,"href":"https:\/\/politicapatagonica.com\/index.php\/wp-json\/wp\/v2\/comments?post=4156"}],"version-history":[{"count":1,"href":"https:\/\/politicapatagonica.com\/index.php\/wp-json\/wp\/v2\/posts\/4156\/revisions"}],"predecessor-version":[{"id":4159,"href":"https:\/\/politicapatagonica.com\/index.php\/wp-json\/wp\/v2\/posts\/4156\/revisions\/4159"}],"wp:featuredmedia":[{"embeddable":true,"href":"https:\/\/politicapatagonica.com\/index.php\/wp-json\/wp\/v2\/media\/4158"}],"wp:attachment":[{"href":"https:\/\/politicapatagonica.com\/index.php\/wp-json\/wp\/v2\/media?parent=4156"}],"wp:term":[{"taxonomy":"category","embeddable":true,"href":"https:\/\/politicapatagonica.com\/index.php\/wp-json\/wp\/v2\/categories?post=4156"},{"taxonomy":"post_tag","embeddable":true,"href":"https:\/\/politicapatagonica.com\/index.php\/wp-json\/wp\/v2\/tags?post=4156"}],"curies":[{"name":"wp","href":"https:\/\/api.w.org\/{rel}","templated":true}]}}