{"id":4154,"date":"2024-06-05T21:36:57","date_gmt":"2024-06-05T21:36:57","guid":{"rendered":"https:\/\/politicapatagonica.com\/?p=4154"},"modified":"2024-06-05T21:36:58","modified_gmt":"2024-06-05T21:36:58","slug":"torres-acordo-con-francos-el-traspaso-a-la-provincia-de-las-obras-publicas-paralizadas","status":"publish","type":"post","link":"https:\/\/politicapatagonica.com\/index.php\/2024\/06\/05\/torres-acordo-con-francos-el-traspaso-a-la-provincia-de-las-obras-publicas-paralizadas\/","title":{"rendered":"Torres acord\u00f3 con Francos el traspaso a la provincia de las obras p\u00fablicas paralizadas"},"content":{"rendered":"\n<p>El jefe de Gabinete, Guillermo Francos, encabez\u00f3 hoy una serie de reuniones con gobernadores, entre ellos el de Chubut, Ignacio Torres, en el marco de las&nbsp;negociaciones necesarias para obtener apoyos en el Senado para la Ley Bases y el paquete fiscal asociado. El encuentro con Torres result\u00f3 en un acuerdo clave para el traspaso de obras p\u00fablicas paralizadas, lo cual permitir\u00e1 a la provincia completar estas infraestructuras.&nbsp;<\/p>\n\n\n\n<p>La reuni\u00f3n con el gobernador de Chubut tuvo lugar en la Casa Rosada, donde se discutieron detalles del convenio. Francos destac\u00f3 la importancia de &#8220;distribuirnos responsabilidades respecto a la continuaci\u00f3n de ciertas obras&#8221;, subrayando que algunas seguir\u00e1n bajo la gesti\u00f3n del Gobierno nacional, mientras que otras ser\u00e1n finalizadas por las provincias.<\/p>\n\n\n\n<p>&#8220;Con la celebraci\u00f3n de estos acuerdos con Neuqu\u00e9n y Chubut, las provincias se comprometen a asumir la financiaci\u00f3n o ejecuci\u00f3n de las obras detalladas en los convenios, entre las que se incluyen la construcci\u00f3n de hospitales y Centros de Desarrollo Infantil (CDI); la terminaci\u00f3n de obras h\u00eddricas, de saneamiento y mejoramiento urbano; y de rutas y caminos, entre otras&#8221;, detall\u00f3 la Naci\u00f3n en un comunicado.<\/p>\n\n\n\n<p>Adem\u00e1s del encuentro con Torres, Francos se reuni\u00f3 tambi\u00e9n con el gobernador de Neuqu\u00e9n, Rolando Figueroa, con quien se lleg\u00f3 a un acuerdo similar.&nbsp;<\/p>\n\n\n\n<p>Cabe recordar que el Gobierno nacional ha accedido a este tipo de traspasos solo con cinco gobernadores hasta ahora, incluyendo a Torres, Figueroa, y previamente con los gobernadores de Jujuy, Carlos Sadir; de Entre R\u00edos, Rogelio Frigerio; y de Chaco, Leandro Zdero.\u00a0<\/p>\n\n\n\n<p><strong>M\u00cdNIMO NO IMPONIBLE&nbsp;<\/strong><\/p>\n\n\n\n<p>Lo cierto es que el nuevo proyecto de la Ley Bases&nbsp;y el paquete fiscal abrieron una extensa negociaci\u00f3n entre el Poder Ejecutivo y las provincias, con eje en el&nbsp;Impuesto a las Ganancias<strong>.&nbsp;Las idas y vueltas derivaron en la decisi\u00f3n del oficialismo de ceder al pedido de los mandatarios patag\u00f3nicos y declarar&nbsp;zona desfavorable a la regi\u00f3n del sur<\/strong>.&nbsp;<\/p>\n\n\n\n<p><strong>De esta forma, de conseguir las firmas necesarias para su aprobaci\u00f3n, se reestablecer\u00e1 el\u00a022% en el m\u00ednimo no imponible para los habitantes de La Pampa, R\u00edo Negro, Neuqu\u00e9n, Chubut y Santa Cruz,\u00a0y los pisos pasar\u00e1n a $2.200.000 millones\u00a0para solteros,\u00a0y a $2.600.000 millones\u00a0para casados con hijos.\u00a0<\/strong><\/p>\n\n\n\n<p><strong>Fuente: www.elchubut.com.ar<\/strong><\/p>\n","protected":false},"excerpt":{"rendered":"<p>El jefe de Gabinete, Guillermo Francos, encabez\u00f3 hoy una serie de reuniones con gobernadores, entre ellos el de Chubut, Ignacio Torres, en el marco de las&nbsp;negociaciones necesarias para obtener apoyos en el Senado para la Ley Bases y el paquete fiscal asociado. El encuentro con Torres result\u00f3 en un acuerdo clave para el traspaso de [&hellip;]<\/p>\n","protected":false},"author":5,"featured_media":4155,"comment_status":"open","ping_status":"open","sticky":false,"template":"","format":"standard","meta":[],"categories":[14],"tags":[],"_links":{"self":[{"href":"https:\/\/politicapatagonica.com\/index.php\/wp-json\/wp\/v2\/posts\/4154"}],"collection":[{"href":"https:\/\/politicapatagonica.com\/index.php\/wp-json\/wp\/v2\/posts"}],"about":[{"href":"https:\/\/politicapatagonica.com\/index.php\/wp-json\/wp\/v2\/types\/post"}],"author":[{"embeddable":true,"href":"https:\/\/politicapatagonica.com\/index.php\/wp-json\/wp\/v2\/users\/5"}],"replies":[{"embeddable":true,"href":"https:\/\/politicapatagonica.com\/index.php\/wp-json\/wp\/v2\/comments?post=4154"}],"version-history":[{"count":1,"href":"https:\/\/politicapatagonica.com\/index.php\/wp-json\/wp\/v2\/posts\/4154\/revisions"}],"predecessor-version":[{"id":4157,"href":"https:\/\/politicapatagonica.com\/index.php\/wp-json\/wp\/v2\/posts\/4154\/revisions\/4157"}],"wp:featuredmedia":[{"embeddable":true,"href":"https:\/\/politicapatagonica.com\/index.php\/wp-json\/wp\/v2\/media\/4155"}],"wp:attachment":[{"href":"https:\/\/politicapatagonica.com\/index.php\/wp-json\/wp\/v2\/media?parent=4154"}],"wp:term":[{"taxonomy":"category","embeddable":true,"href":"https:\/\/politicapatagonica.com\/index.php\/wp-json\/wp\/v2\/categories?post=4154"},{"taxonomy":"post_tag","embeddable":true,"href":"https:\/\/politicapatagonica.com\/index.php\/wp-json\/wp\/v2\/tags?post=4154"}],"curies":[{"name":"wp","href":"https:\/\/api.w.org\/{rel}","templated":true}]}}