{"id":4149,"date":"2024-06-04T22:37:44","date_gmt":"2024-06-04T22:37:44","guid":{"rendered":"https:\/\/politicapatagonica.com\/?p=4149"},"modified":"2024-06-04T22:37:46","modified_gmt":"2024-06-04T22:37:46","slug":"piden-se-convoque-al-consejo-federal-de-desarrollo-social","status":"publish","type":"post","link":"https:\/\/politicapatagonica.com\/index.php\/2024\/06\/04\/piden-se-convoque-al-consejo-federal-de-desarrollo-social\/","title":{"rendered":"Piden se convoque al Consejo Federal de Desarrollo Social"},"content":{"rendered":"\n<p><br>Es con el objetivo agilizar la planificaci\u00f3n en la entrega de alimentos retenidos y que est\u00e1n pr\u00f3ximos a vencer, los responsables de las \u00e1reas de Desarrollo Social de las provincias de Tierra del Fuego; Buenos Aires; La Rioja; Formosa; La Pampa; Santiago del Estero; Misiones y Jujuy firmaron un documento en le reclaman a la ministra de Capital Humano de Naci\u00f3n, Sandra Pettovello, \u201cque convoque al Consejo Federal de Ministros de Desarrollo Social\u201d.<\/p>\n\n\n\n<p>Los funcionarios provinciales, en obvia referencia al esc\u00e1ndalo medi\u00e1tico y las derivaciones judiciales por el almacenamiento de m\u00e1s de 5 millones de kilos de productos alimenticios sin distribuir, apuntan que el Co.Fe.De.So debe elaborar \u201cun \u00e1gil cronograma de entrega de los alimentos pr\u00f3ximos a vencer, ya que el comunicado institucional del Gobierno Nacional no explica fehacientemente c\u00f3mo se realizar\u00e1 dicha entrega por el Ej\u00e9rcito Argentino a los comedores y merenderos de nuestras respectivas provincias\u201d.<\/p>\n\n\n\n<p>Adem\u00e1s, manifiestan a la ministra Pettovello que \u201clos descensos de temperaturas registrados en las \u00faltimas semanas dentro del territorio nacional, nos indican que es necesario tener planificada la entrega de kits de invierno y para personas en situaci\u00f3n de calle, familias expuestas a las bajas temperaturas, atendiendo de esta forma el tejido social de base y los sectores m\u00e1s vulnerables\u201d.<\/p>\n\n\n\n<p>La instan tambi\u00e9n a \u201crestablecer el financiamiento para obras del Programa Plan Nacional de Primera Infancia, dirigido a la promoci\u00f3n del desarrollo integral de las infancias, el Programa Mi Pieza y el Programa Mi Ba\u00f1o, que contempla la realizaci\u00f3n de obras ampliaci\u00f3n y mejora habitacionales, como tambi\u00e9n la construcci\u00f3n de nuevos espacios para mejorar la calidad de vida de nuestros habitantes\u201d.<\/p>\n\n\n\n<p>Asimismo, solicitan que \u201cpuedan distribuirse las camionetas que fueran adquiridas por Desarrollo Social y que deb\u00edan ser distribuidas a las provincias, en base a las definiciones del \u00faltimo Consejo Federal de Desarrollo Social\u201d, remarcando que \u201chay compromisos que es necesario atender, independientemente de los Gobiernos de turno que gestionen el Estado\u201d.<\/p>\n\n\n\n<p>A modo de cierre del documento, los firmantes se ponen \u201ca disposici\u00f3n de colaborar y abrir un canal de conversaci\u00f3n para tener un intercambio institucional m\u00e1s fluido, que sin dudas beneficiar\u00e1 a los argentinos y las argentinas m\u00e1s postergados, que necesitan de las pol\u00edticas sociales activas y permanentes, ejecutadas por parte del Gobierno Nacional y de los Gobiernos provinciales\u201d.<\/p>\n\n\n\n<p>La ministra de Bienestar Ciudadano y Justicia de la provincia, Adriana Chapper\u00f3n indic\u00f3 que \u201cestamos pidiendo saber si se van a repartir estos alimentos, la posibilidad que se reactiven algunos programas, sobre los que hab\u00eda esperanza de puesta en marcha, pero nadie todav\u00eda ha dado novedad al respecto. Son diversos puntos sobre los cuales desde las provincias necesitamos definiciones, que no hemos tenido hasta el momento\u201d.<\/p>\n\n\n\n<p>\u201cHay determinaciones que merecen celeridad ante la complejidad de la situaci\u00f3n en todo el pa\u00eds, por eso pedimos reunir el Consejo que nos permita nuevamente plantear desde cada punto de la Argentina la situaci\u00f3n en particular y la necesidad de optimizar la asistencia a las familias que la est\u00e1n pasando mal\u201d, insisti\u00f3 Chapper\u00f3n.<\/p>\n\n\n\n<p>Adem\u00e1s de la funcionaria fueguina suscribieron al documento Andr\u00e9s Larroque de Buenos Aires, Alfredo Menem de La Rioja, Gloria Gim\u00e9nez por Formosa, Diego \u00c1lvarez de La Pampa, \u00c1ngel Niccolai de Santiago del Estero, Fernando Meza de Misiones y Marta Itat\u00ed Russo Arriola por Jujuy.<\/p>\n\n\n\n<p><strong>Fuente: www.eldiariodelfindelmundo.com<\/strong><\/p>\n","protected":false},"excerpt":{"rendered":"<p>Es con el objetivo agilizar la planificaci\u00f3n en la entrega de alimentos retenidos y que est\u00e1n pr\u00f3ximos a vencer, los responsables de las \u00e1reas de Desarrollo Social de las provincias de Tierra del Fuego; Buenos Aires; La Rioja; Formosa; La Pampa; Santiago del Estero; Misiones y Jujuy firmaron un documento en le reclaman a la [&hellip;]<\/p>\n","protected":false},"author":5,"featured_media":4150,"comment_status":"open","ping_status":"open","sticky":false,"template":"","format":"standard","meta":[],"categories":[11],"tags":[],"_links":{"self":[{"href":"https:\/\/politicapatagonica.com\/index.php\/wp-json\/wp\/v2\/posts\/4149"}],"collection":[{"href":"https:\/\/politicapatagonica.com\/index.php\/wp-json\/wp\/v2\/posts"}],"about":[{"href":"https:\/\/politicapatagonica.com\/index.php\/wp-json\/wp\/v2\/types\/post"}],"author":[{"embeddable":true,"href":"https:\/\/politicapatagonica.com\/index.php\/wp-json\/wp\/v2\/users\/5"}],"replies":[{"embeddable":true,"href":"https:\/\/politicapatagonica.com\/index.php\/wp-json\/wp\/v2\/comments?post=4149"}],"version-history":[{"count":1,"href":"https:\/\/politicapatagonica.com\/index.php\/wp-json\/wp\/v2\/posts\/4149\/revisions"}],"predecessor-version":[{"id":4151,"href":"https:\/\/politicapatagonica.com\/index.php\/wp-json\/wp\/v2\/posts\/4149\/revisions\/4151"}],"wp:featuredmedia":[{"embeddable":true,"href":"https:\/\/politicapatagonica.com\/index.php\/wp-json\/wp\/v2\/media\/4150"}],"wp:attachment":[{"href":"https:\/\/politicapatagonica.com\/index.php\/wp-json\/wp\/v2\/media?parent=4149"}],"wp:term":[{"taxonomy":"category","embeddable":true,"href":"https:\/\/politicapatagonica.com\/index.php\/wp-json\/wp\/v2\/categories?post=4149"},{"taxonomy":"post_tag","embeddable":true,"href":"https:\/\/politicapatagonica.com\/index.php\/wp-json\/wp\/v2\/tags?post=4149"}],"curies":[{"name":"wp","href":"https:\/\/api.w.org\/{rel}","templated":true}]}}