{"id":4148,"date":"2024-06-04T22:40:20","date_gmt":"2024-06-04T22:40:20","guid":{"rendered":"https:\/\/politicapatagonica.com\/?p=4148"},"modified":"2024-06-04T22:40:21","modified_gmt":"2024-06-04T22:40:21","slug":"en-las-redes-hubo-saludos-por-el-63-aniversario-del-mpn","status":"publish","type":"post","link":"https:\/\/politicapatagonica.com\/index.php\/2024\/06\/04\/en-las-redes-hubo-saludos-por-el-63-aniversario-del-mpn\/","title":{"rendered":"En las redes, hubo saludos por el 63\u00b0 aniversario del MPN"},"content":{"rendered":"\n<p>Este martes 4 de junio se cumpli\u00f3 63 a\u00f1os de la fundaci\u00f3n del<strong>\u00a0Movimiento Popular Neuquino (MPN)<\/strong>\u00a0y tanto militantes como funcionarios utilizaron sus redes sociales para compartir su sentir en esta fecha. Adem\u00e1s, hubo quienes hicieron un peque\u00f1o recorrido por la historia emepenista.<\/p>\n\n\n\n<p><strong>Este aniversario, como ocurri\u00f3 el a\u00f1o pasado tras las elecciones que significaron la primera derrota en la gobernaci\u00f3n, se da en medio de un sinn\u00famero de idas y vueltas sobre el futuro del partido provincial, que en las \u00faltimas horas celebr\u00f3 -o al menos un sector- un acuerdo pol\u00edtico con el gobernador Rolando Figueroa, quien lleg\u00f3 al poder de la mano del frente Neuquinizate.<\/strong><\/p>\n\n\n\n<p>El mensaje colectivo que colm\u00f3 tanto Facebook como X (antes conocida como Twitter), fue el de unidad y el de trabajar todos juntos por el bienestar y el crecimiento de la provincia. &#8220;Continuemos escuchando y estando cerca de las familias neuquinas, es ah\u00ed donde est\u00e1 la esencia de nuestro Movimiento&#8221;, expres\u00f3 Daniela Rucci, diputada provincial por el MPN.<\/p>\n\n\n\n<p>Otro de los mensajes m\u00e1s compartidos, &#8220;<strong>renovar el compromiso con Neuqu\u00e9n<\/strong>&#8220;, al tiempo que aseguraban, el&nbsp;<strong>MPN&nbsp;<\/strong>es un lugar de &#8220;encuentro, intercambio y cobijo de ideas y de trabajo&#8221;.<\/p>\n\n\n\n<p>Por su parte, el exgobernador de Neuqu\u00e9n,&nbsp;<strong>Omar Guti\u00e9rrez<\/strong>, encabez\u00f3 un acto realizado en Vista Alegre donde dijo: &#8220;Empezamos temprano compartiendo un nuevo aniversario del MPN. Un cari\u00f1o especial a cada compa\u00f1ero y compa\u00f1era&#8221;.<\/p>\n\n\n\n<p>Tambi\u00e9n hubo quienes realizaron un detallado recorrido por la fundaci\u00f3n del partido emblema de los neuquinos y recordaron que<strong> todo comenz\u00f3 el 4 de junio de 1961 en Zapala, a causa de la proscripci\u00f3n del Partido Peronista, al que pertenec\u00eda la mayor\u00eda de los adherentes del MPN, &#8220;todos de origen popular&#8221;.<\/strong><\/p>\n\n\n\n<p><strong>Fuente: lmneuquen.com<\/strong><\/p>\n","protected":false},"excerpt":{"rendered":"<p>Este martes 4 de junio se cumpli\u00f3 63 a\u00f1os de la fundaci\u00f3n del\u00a0Movimiento Popular Neuquino (MPN)\u00a0y tanto militantes como funcionarios utilizaron sus redes sociales para compartir su sentir en esta fecha. Adem\u00e1s, hubo quienes hicieron un peque\u00f1o recorrido por la historia emepenista. Este aniversario, como ocurri\u00f3 el a\u00f1o pasado tras las elecciones que significaron la [&hellip;]<\/p>\n","protected":false},"author":5,"featured_media":4152,"comment_status":"open","ping_status":"open","sticky":false,"template":"","format":"standard","meta":[],"categories":[9],"tags":[],"_links":{"self":[{"href":"https:\/\/politicapatagonica.com\/index.php\/wp-json\/wp\/v2\/posts\/4148"}],"collection":[{"href":"https:\/\/politicapatagonica.com\/index.php\/wp-json\/wp\/v2\/posts"}],"about":[{"href":"https:\/\/politicapatagonica.com\/index.php\/wp-json\/wp\/v2\/types\/post"}],"author":[{"embeddable":true,"href":"https:\/\/politicapatagonica.com\/index.php\/wp-json\/wp\/v2\/users\/5"}],"replies":[{"embeddable":true,"href":"https:\/\/politicapatagonica.com\/index.php\/wp-json\/wp\/v2\/comments?post=4148"}],"version-history":[{"count":1,"href":"https:\/\/politicapatagonica.com\/index.php\/wp-json\/wp\/v2\/posts\/4148\/revisions"}],"predecessor-version":[{"id":4153,"href":"https:\/\/politicapatagonica.com\/index.php\/wp-json\/wp\/v2\/posts\/4148\/revisions\/4153"}],"wp:featuredmedia":[{"embeddable":true,"href":"https:\/\/politicapatagonica.com\/index.php\/wp-json\/wp\/v2\/media\/4152"}],"wp:attachment":[{"href":"https:\/\/politicapatagonica.com\/index.php\/wp-json\/wp\/v2\/media?parent=4148"}],"wp:term":[{"taxonomy":"category","embeddable":true,"href":"https:\/\/politicapatagonica.com\/index.php\/wp-json\/wp\/v2\/categories?post=4148"},{"taxonomy":"post_tag","embeddable":true,"href":"https:\/\/politicapatagonica.com\/index.php\/wp-json\/wp\/v2\/tags?post=4148"}],"curies":[{"name":"wp","href":"https:\/\/api.w.org\/{rel}","templated":true}]}}