{"id":4140,"date":"2024-06-03T21:00:35","date_gmt":"2024-06-03T21:00:35","guid":{"rendered":"https:\/\/politicapatagonica.com\/?p=4140"},"modified":"2024-06-03T21:00:47","modified_gmt":"2024-06-03T21:00:47","slug":"por-ganancias-en-mayo-subio-la-coparticipacion-a-la-pampa-un-236","status":"publish","type":"post","link":"https:\/\/politicapatagonica.com\/index.php\/2024\/06\/03\/por-ganancias-en-mayo-subio-la-coparticipacion-a-la-pampa-un-236\/","title":{"rendered":"Por Ganancias, en mayo subi\u00f3 la coparticipaci\u00f3n a La Pampa un 23,6%"},"content":{"rendered":"\n<p>En mayo 2024 la distribuci\u00f3n de fondos por transferencias autom\u00e1ticas a las 23 provincias y a la CABA fue por un total de $ 5.032.157 millones.<strong> En comparaci\u00f3n contra igual mes del 2023 registran una expansi\u00f3n nominal del 366,5% y al descontar la inflaci\u00f3n de este mes (estimada en 5,5% para el total pa\u00eds de acuerdo con proyecciones propias y privadas), la variaci\u00f3n real de los env\u00edos fue positiva en 22,4%.<\/strong> En el caso de La Pampa, la suba fue del 23,6% en mayo.\u00a0<\/p>\n\n\n\n<p>Observando los componentes que hacen a las transferencias autom\u00e1ticas, los env\u00edos por Coparticipaci\u00f3n Federal de Impuestos alcanzaron los $ 4.865.587 millones y explicaron el 96,7% del total de los env\u00edos autom\u00e1ticos totales a las 24 jurisdicciones en este mes. Exhiben una expansi\u00f3n interanual de<strong>l 378,9% nominal; en moneda constante, registraron una suba del 25,6%<\/strong>.<\/p>\n\n\n\n<p>La fuerte alza se fundamenta en el impuesto a las Ganancias de las empresas: aquellas que cerraron sus balances a finales del a\u00f1o anterior (2023) han iniciado el proceso de abono de sus declaraciones juradas correspondientes a dicho tributo y el incremento mencionado <strong>se debe principalmente al impacto de la devaluaci\u00f3n de diciembre, ya que las compa\u00f1\u00edas con activos en d\u00f3lares experimentaron s\u00f3lidas ganancias al cierre del ejercicio, generando as\u00ed un notorio aumento en el impuesto a abonar.<\/strong><\/p>\n\n\n\n<p>Justamente el impuesto a las Ganancias mostr\u00f3 una suba interanual del 80,4% en t\u00e9rminos reales durante marzo y traccion\u00f3 el crecimiento de los env\u00edos. Por el contrario, el Impuesto al Valor Agregado <strong>(IVA) volvi\u00f3 a exhibir un muy considerable retroceso que fue de -19,3%, acelerando la ca\u00edda de manera muy fuerte respecto al mes previo (-8,1% real interanual en abril). Entre los dem\u00e1s componentes de la coparticipaci\u00f3n, se vuelven a observar bajas en los Impuestos Internos (-35,0%) pero Otros Coparticipados exhibi\u00f3 alza (+7,1%)<\/strong><\/p>\n\n\n\n<p>Por su parte, los componentes de Leyes y Reg\u00edmenes Especiales (que totalizaron $ 85.792 millones) tuvieron desempe\u00f1os heterog\u00e9neos. Por un lado, presentaron ca\u00eddas los recursos derivados del impuesto a los Bienes Personales (-75,9%); al IVA de la Seguridad Social (-19,3%) y al Monotributo (-37,1%). Por el contrario, los recursos derivados del<strong> impuesto a los Combustibles L\u00edquidos crecieron 6,6% y los del R\u00e9gimen de Energ\u00eda El\u00e9ctrica lo hicieron en 1462,9% (aunque con vol\u00famenes absolutos marginales). Finalmente, los recursos por Compensaci\u00f3n del Consenso Fiscal mostraron una baja del 22,7% real interanual.<\/strong><\/p>\n\n\n\n<p>Acumulado<\/p>\n\n\n\n<p>El c\u00e1lculo de las variaciones reales por jurisdicciones se realiza en funci\u00f3n de los IPC regionales (con estimaciones propias de cada regi\u00f3n para el mes de mayo 2024); esto genera que se observen diferencias \u2013a veces significativas\u2013 de las tasas de variaci\u00f3n real entre provincias, al tener distintos impactos del alza de precios seg\u00fan ubicaci\u00f3n geogr\u00e1fica.<\/p>\n\n\n\n<p>En este marco, se destaca que las 24 jurisdicciones subnacionales exhibieron subas de importante magnitud (todas en doble d\u00edgito). <strong>La suba m\u00e1s fuerte se vio en Catamarca (+26,7%) y la m\u00e1s leve se observ\u00f3 en Buenos Aires (+18,6%).<\/strong><\/p>\n\n\n\n<p><strong>El acumulado del enero-mayo 2024, por el contrario, muestra una ca\u00edda del 9,8% real en las transferencias consolidadas<\/strong> y este escenario, tambi\u00e9n todas las jurisdicciones exhiben tambi\u00e9n descensos con CABA presentando la m\u00e1s leve (-7,1%) y Buenos Aires la m\u00e1s fuerte (-11,9%). Para La Pampa el resultado de los primeros 5 meses del a\u00f1o, muestra una ca\u00edda del 9,2% en los fondos de coparticipaci\u00f3n.\u00a0<\/p>\n\n\n\n<p><strong>Fuente: www.eldiariodelapampa.com.ar<\/strong><\/p>\n","protected":false},"excerpt":{"rendered":"<p>En mayo 2024 la distribuci\u00f3n de fondos por transferencias autom\u00e1ticas a las 23 provincias y a la CABA fue por un total de $ 5.032.157 millones. En comparaci\u00f3n contra igual mes del 2023 registran una expansi\u00f3n nominal del 366,5% y al descontar la inflaci\u00f3n de este mes (estimada en 5,5% para el total pa\u00eds de [&hellip;]<\/p>\n","protected":false},"author":5,"featured_media":4141,"comment_status":"open","ping_status":"open","sticky":false,"template":"","format":"standard","meta":[],"categories":[10],"tags":[],"_links":{"self":[{"href":"https:\/\/politicapatagonica.com\/index.php\/wp-json\/wp\/v2\/posts\/4140"}],"collection":[{"href":"https:\/\/politicapatagonica.com\/index.php\/wp-json\/wp\/v2\/posts"}],"about":[{"href":"https:\/\/politicapatagonica.com\/index.php\/wp-json\/wp\/v2\/types\/post"}],"author":[{"embeddable":true,"href":"https:\/\/politicapatagonica.com\/index.php\/wp-json\/wp\/v2\/users\/5"}],"replies":[{"embeddable":true,"href":"https:\/\/politicapatagonica.com\/index.php\/wp-json\/wp\/v2\/comments?post=4140"}],"version-history":[{"count":2,"href":"https:\/\/politicapatagonica.com\/index.php\/wp-json\/wp\/v2\/posts\/4140\/revisions"}],"predecessor-version":[{"id":4143,"href":"https:\/\/politicapatagonica.com\/index.php\/wp-json\/wp\/v2\/posts\/4140\/revisions\/4143"}],"wp:featuredmedia":[{"embeddable":true,"href":"https:\/\/politicapatagonica.com\/index.php\/wp-json\/wp\/v2\/media\/4141"}],"wp:attachment":[{"href":"https:\/\/politicapatagonica.com\/index.php\/wp-json\/wp\/v2\/media?parent=4140"}],"wp:term":[{"taxonomy":"category","embeddable":true,"href":"https:\/\/politicapatagonica.com\/index.php\/wp-json\/wp\/v2\/categories?post=4140"},{"taxonomy":"post_tag","embeddable":true,"href":"https:\/\/politicapatagonica.com\/index.php\/wp-json\/wp\/v2\/tags?post=4140"}],"curies":[{"name":"wp","href":"https:\/\/api.w.org\/{rel}","templated":true}]}}