{"id":4137,"date":"2024-05-31T22:15:04","date_gmt":"2024-05-31T22:15:04","guid":{"rendered":"https:\/\/politicapatagonica.com\/?p=4137"},"modified":"2024-05-31T22:15:05","modified_gmt":"2024-05-31T22:15:05","slug":"senadora-gadano-no-queremos-que-se-privatice-aerolineas-ni-el-correo-tampoco-acompanaremos-ganancias-ni-reforma-laboral","status":"publish","type":"post","link":"https:\/\/politicapatagonica.com\/index.php\/2024\/05\/31\/senadora-gadano-no-queremos-que-se-privatice-aerolineas-ni-el-correo-tampoco-acompanaremos-ganancias-ni-reforma-laboral\/","title":{"rendered":"Senadora Gadano: \u201cNo queremos que se privatice Aerol\u00edneas ni el Correo, tampoco acompa\u00f1aremos Ganancias ni reforma laboral&#8221;"},"content":{"rendered":"\n<p>\u201cEste cambio de actitud es un paso positivo hacia la construcci\u00f3n de consensos y el fortalecimiento de nuestra democracia\u201d, afirm\u00f3 la\u00a0senadora nacional por Santa Cruz, Natalia Gadano, con relaci\u00f3n al aumento de regal\u00edas mineras que, de aprobarse la Ley Bases, pasar\u00eda de un 3 al 5%, tal como se acord\u00f3 para dar luz verde al dictamen.\u00a0\u00a0<\/p>\n\n\n\n<p>\u201cConfiamos en que el presidente Javier Milei har\u00e1 sus esfuerzos para encontrar un camino de di\u00e1logo constructivo con los miembros del Congreso, donde siempre prime el respeto y la escucha activa, pero -sobre todo- el bien com\u00fan para todas las argentinas y argentinos\u201d, concluy\u00f3 Gadano.<\/p>\n\n\n\n<p>&#8220;Gracias al arduo trabajo y dedicaci\u00f3n del bloque por Santa Cruz en el Senado, conformado por el Senador Jos\u00e9 Mar\u00eda Carambia y quien les habla, hemos logrado incorporar en la ley el aumento de las regal\u00edas mineras al 5%. Este logro significar\u00e1 un incremento de hasta el 80% en la recaudaci\u00f3n provincial proveniente de los ingresos mineros, lo que se traducir\u00e1 en mayores recursos para obras y proyectos en beneficio de todos los santacruce\u00f1os&#8221;, destac\u00f3 la dirigente social.<\/p>\n\n\n\n<p>Asimismo, agreg\u00f3: &#8220;Si bien el resultado final de la ley a\u00fan no est\u00e1 definido, continuamos trabajando incansablemente en las negociaciones para mejorar a\u00fan m\u00e1s las condiciones para nuestra provincia, es por eso que impulsamos un di\u00e1logo abierto y constructivo con todas las partes involucradas&#8221;.<\/p>\n\n\n\n<p>Por otro lado, Gadano expres\u00f3: \u201cNo queremos que se privatice Aerol\u00edneas, ni el Correo. Tampoco acompa\u00f1aremos Ganancias ni reforma laboral\u201d.<\/p>\n\n\n\n<p>Al respecto del Impuesto a las Ganancias, la senadora remarc\u00f3 que \u201cen un contexto como el actual, con una alta inflaci\u00f3n, con aumento del desempleo y la pobreza, restituir el Impuesto a las Ganancias implicar\u00eda menos ingresos para miles y miles de personas, las cuales ya vieron afectado el poder adquisitivo de sus salarios. Es decir, se estar\u00eda castigando doblemente a los trabajadores, por un lado, con la inflaci\u00f3n que hace que tengan una menor capacidad de compra y, por otro lado, con este impuesto que disminuir\u00eda sus ingresos. El sueldo es la retribuci\u00f3n por el trabajo realizado, no es ninguna ganancia. Es por eso que solicitamos que, en lugar de restituir Ganancias, se incorpore al proyecto de ley una modificaci\u00f3n que permita coparticipar el impuesto al cheque y\/o el Impuesto Pa\u00eds. En campa\u00f1a, el Gobierno prometi\u00f3 no crear nuevos impuestos, sus propuestas apuntaban a reducirlos\u201d.\u00a0\u00a0<\/p>\n\n\n\n<p><strong>Fuente: www.tiemposur.com.ar<\/strong><\/p>\n","protected":false},"excerpt":{"rendered":"<p>\u201cEste cambio de actitud es un paso positivo hacia la construcci\u00f3n de consensos y el fortalecimiento de nuestra democracia\u201d, afirm\u00f3 la\u00a0senadora nacional por Santa Cruz, Natalia Gadano, con relaci\u00f3n al aumento de regal\u00edas mineras que, de aprobarse la Ley Bases, pasar\u00eda de un 3 al 5%, tal como se acord\u00f3 para dar luz verde al [&hellip;]<\/p>\n","protected":false},"author":5,"featured_media":4138,"comment_status":"open","ping_status":"open","sticky":false,"template":"","format":"standard","meta":[],"categories":[8],"tags":[],"_links":{"self":[{"href":"https:\/\/politicapatagonica.com\/index.php\/wp-json\/wp\/v2\/posts\/4137"}],"collection":[{"href":"https:\/\/politicapatagonica.com\/index.php\/wp-json\/wp\/v2\/posts"}],"about":[{"href":"https:\/\/politicapatagonica.com\/index.php\/wp-json\/wp\/v2\/types\/post"}],"author":[{"embeddable":true,"href":"https:\/\/politicapatagonica.com\/index.php\/wp-json\/wp\/v2\/users\/5"}],"replies":[{"embeddable":true,"href":"https:\/\/politicapatagonica.com\/index.php\/wp-json\/wp\/v2\/comments?post=4137"}],"version-history":[{"count":1,"href":"https:\/\/politicapatagonica.com\/index.php\/wp-json\/wp\/v2\/posts\/4137\/revisions"}],"predecessor-version":[{"id":4139,"href":"https:\/\/politicapatagonica.com\/index.php\/wp-json\/wp\/v2\/posts\/4137\/revisions\/4139"}],"wp:featuredmedia":[{"embeddable":true,"href":"https:\/\/politicapatagonica.com\/index.php\/wp-json\/wp\/v2\/media\/4138"}],"wp:attachment":[{"href":"https:\/\/politicapatagonica.com\/index.php\/wp-json\/wp\/v2\/media?parent=4137"}],"wp:term":[{"taxonomy":"category","embeddable":true,"href":"https:\/\/politicapatagonica.com\/index.php\/wp-json\/wp\/v2\/categories?post=4137"},{"taxonomy":"post_tag","embeddable":true,"href":"https:\/\/politicapatagonica.com\/index.php\/wp-json\/wp\/v2\/tags?post=4137"}],"curies":[{"name":"wp","href":"https:\/\/api.w.org\/{rel}","templated":true}]}}