{"id":4133,"date":"2024-05-31T21:32:23","date_gmt":"2024-05-31T21:32:23","guid":{"rendered":"https:\/\/politicapatagonica.com\/?p=4133"},"modified":"2024-05-31T21:32:42","modified_gmt":"2024-05-31T21:32:42","slug":"rio-negro-karina-se-despego-del-escandalo-de-las-adhesiones-truchas-y-mando-a-menem-a-poner-la-cara","status":"publish","type":"post","link":"https:\/\/politicapatagonica.com\/index.php\/2024\/05\/31\/rio-negro-karina-se-despego-del-escandalo-de-las-adhesiones-truchas-y-mando-a-menem-a-poner-la-cara\/","title":{"rendered":"R\u00edo Negro: Karina se despeg\u00f3 del esc\u00e1ndalo de las adhesiones truchas y mand\u00f3 a Menem a poner la cara"},"content":{"rendered":"\n<p><strong>Karina Milei no quiso quedar pegada al esc\u00e1ndalo de las adhesiones truchas&nbsp;y mand\u00f3 a Mart\u00edn Menem a poner la cara en una audiencia de la justicia electoral de R\u00edo Negro para la conformaci\u00f3n de La Libertad Avanza.<\/strong><\/p>\n\n\n\n<p>Los referentes libertarios de la provincia quedaron en un<strong>a situaci\u00f3n complicada <\/strong>luego de que se presentaran 70 denuncias penales en los \u00faltimos d\u00edas. Algunas acciones son colectivas e incluyen m\u00e1s de 300 damnificados.<\/p>\n\n\n\n<p>Se trata de personas que <strong>figuran entre los m\u00e1s de 2400 adherentes que present\u00f3 La Libertad Avanza y que nunca firmaron ninguna ficha ni presentaron sus documentos para avalar la creaci\u00f3n del partido en R\u00edo Negro.<\/strong> Como cont\u00f3 LPO, al menos 1000 fichas fueron cuestionadas e incluso aparecieron personas fallecidas en el listado.<\/p>\n\n\n\n<p>Lorena Villaverde es quien conduce los destinos de la fuerza en la provincia y fue se\u00f1alada como la responsable dos punteros que trabajaban con ella. <strong>Se supone que referentes libertarios robaron copias de DNI del Pami, de la Federaci\u00f3n de Box y de un importante sindicato provincial para juntar las adhesiones.&nbsp;<\/strong><\/p>\n\n\n\n<p>En las fichas que present\u00f3 el partido a la justicia hay al menos seis personas que<strong> fallecieron<\/strong> varios meses antes de firmar las adhesiones y cientos que denuncias que nunca prestaron consentimiento ni brindaron sus documentos al partido.<\/p>\n\n\n\n<p><strong>La diputada nacional busc\u00f3 el auxilio de Karina Milei, pero la hermana presidencial le clav\u00f3 el visto<\/strong>. Estaba previsto que la secretaria general de la Presidencia participara de la audiencia como secretaria general del partido, pero prefiri\u00f3 correrse del esc\u00e1ndalo.<\/p>\n\n\n\n<p>Quien termin\u00f3 poniendo la cara fue Mart\u00edn Menem, el titular del partido. Permaneci\u00f3 unos minutos conectado y luego dej\u00f3 la sesi\u00f3n. Su ingreso al Zoom fue complicado: el dispositivo que utiliz\u00f3 no figuraba a su nombre y por eso en un principio no lo dejaron entrar. Villaverde quiso intervenir, pero no la dejaron:<strong> la audiencia era para que el resto de los partidos presentara sus objeciones.<\/strong><\/p>\n\n\n\n<p>Luego de conocerse la noticia, <strong>comenzaron a circular los listados presentados por LLA ante la justicia<\/strong>. Eso hizo que gran parte de la poblaci\u00f3n se buscara y provoc\u00f3 una ola de indignaci\u00f3n que lleg\u00f3 acompa\u00f1ada por denuncias penales y civiles.<\/p>\n\n\n\n<p><strong>Partidos como Juntos R\u00edo Negro, el peronismo, el PRO y Primero R\u00edo Negro participaron de la audiencia de oposici\u00f3n convocada por la justicia y reclamaron medidas contra la conducci\u00f3n libertaria.<\/strong><\/p>\n\n\n\n<p><strong>Primero R\u00edo Negro, el partido del pichettista Ariel Rivero, impugn\u00f3 el uso del Le\u00f3n, figura que tambi\u00e9n pretende utilizar Villaverde. Adem\u00e1s,&nbsp;Carina Ivascov, una candidata de Entre R\u00edos, se present\u00f3 como due\u00f1a de la marca La Libertad Avanza en toda la Argentina. Pero tampoco pudo exponer sus argumentos porque no figuraba como apoderada.<\/strong><\/p>\n\n\n\n<p>&#8220;Esto es un mazazo, todo el mundo est\u00e1 hablando de las afiliaciones truchas. No pueden decir que son lo nuevo despu\u00e9s de lo que pas\u00f3&#8221;, le dijo a LPO un legislador provincial.<\/p>\n\n\n\n<p>El juez Hugo Greca ahora debe decidir si indica volver a juntar las mil fichas cuestionadas o directamente ordena recomenzar el proceso para conseguir las 2400 adhesiones.<\/p>\n\n\n\n<p><strong>Fuente: www.lapoliticaonline.com<\/strong><\/p>\n","protected":false},"excerpt":{"rendered":"<p>Karina Milei no quiso quedar pegada al esc\u00e1ndalo de las adhesiones truchas&nbsp;y mand\u00f3 a Mart\u00edn Menem a poner la cara en una audiencia de la justicia electoral de R\u00edo Negro para la conformaci\u00f3n de La Libertad Avanza. Los referentes libertarios de la provincia quedaron en una situaci\u00f3n complicada luego de que se presentaran 70 denuncias [&hellip;]<\/p>\n","protected":false},"author":5,"featured_media":4134,"comment_status":"open","ping_status":"open","sticky":false,"template":"","format":"standard","meta":[],"categories":[13],"tags":[],"_links":{"self":[{"href":"https:\/\/politicapatagonica.com\/index.php\/wp-json\/wp\/v2\/posts\/4133"}],"collection":[{"href":"https:\/\/politicapatagonica.com\/index.php\/wp-json\/wp\/v2\/posts"}],"about":[{"href":"https:\/\/politicapatagonica.com\/index.php\/wp-json\/wp\/v2\/types\/post"}],"author":[{"embeddable":true,"href":"https:\/\/politicapatagonica.com\/index.php\/wp-json\/wp\/v2\/users\/5"}],"replies":[{"embeddable":true,"href":"https:\/\/politicapatagonica.com\/index.php\/wp-json\/wp\/v2\/comments?post=4133"}],"version-history":[{"count":2,"href":"https:\/\/politicapatagonica.com\/index.php\/wp-json\/wp\/v2\/posts\/4133\/revisions"}],"predecessor-version":[{"id":4136,"href":"https:\/\/politicapatagonica.com\/index.php\/wp-json\/wp\/v2\/posts\/4133\/revisions\/4136"}],"wp:featuredmedia":[{"embeddable":true,"href":"https:\/\/politicapatagonica.com\/index.php\/wp-json\/wp\/v2\/media\/4134"}],"wp:attachment":[{"href":"https:\/\/politicapatagonica.com\/index.php\/wp-json\/wp\/v2\/media?parent=4133"}],"wp:term":[{"taxonomy":"category","embeddable":true,"href":"https:\/\/politicapatagonica.com\/index.php\/wp-json\/wp\/v2\/categories?post=4133"},{"taxonomy":"post_tag","embeddable":true,"href":"https:\/\/politicapatagonica.com\/index.php\/wp-json\/wp\/v2\/tags?post=4133"}],"curies":[{"name":"wp","href":"https:\/\/api.w.org\/{rel}","templated":true}]}}