{"id":4130,"date":"2024-05-30T23:56:41","date_gmt":"2024-05-30T23:56:41","guid":{"rendered":"https:\/\/politicapatagonica.com\/?p=4130"},"modified":"2024-05-30T23:56:42","modified_gmt":"2024-05-30T23:56:42","slug":"diputados-de-la-pampa-repudiaron-despidos-en-las-delegaciones-del-gobierno-nacional","status":"publish","type":"post","link":"https:\/\/politicapatagonica.com\/index.php\/2024\/05\/30\/diputados-de-la-pampa-repudiaron-despidos-en-las-delegaciones-del-gobierno-nacional\/","title":{"rendered":"Diputados de La Pampa repudiaron despidos en las delegaciones del Gobierno nacional"},"content":{"rendered":"\n<p>La C\u00e1mara de <strong>Diputados de La Pampa aprob\u00f3 por amplia mayor\u00eda un proyecto de repudio a los despidos de trabajadoras y trabajadores en las distintas delegaciones nacionales en La Pampa: ANSES, TELAM, Correo Argentino, ENACOM, ANMAC, Vialidad Nacional y la Secretar\u00eda de Agricultura Familiar.<\/strong><\/p>\n\n\n\n<p>La iniciativa mereci\u00f3 un extenso tratamiento donde la diputada informante, <strong>por el Frejupa, Marcela P\u00e1ez,<\/strong> manifest\u00f3 que &#8220;este repudio expresa un claro rechazo a estas medidas y pol\u00edticas llevadas a cabo por parte del gobierno nacional&#8221;.<\/p>\n\n\n\n<p>&#8220;En la provincia de La Pampa hay trabajadoras y trabajadores que han sido despedidos<strong>. Y estos trabajadores no empezaron a cumplir sus funciones ayer, llevaban a\u00f1os haci\u00e9ndolo.<\/strong> Adem\u00e1s, se trata de un derecho constitucional, no podemos dejar pasar esto, porque lo que sucedi\u00f3 es el menosprecio a los agentes p\u00fablicos&#8221;, enfatiz\u00f3 la legisladora.<\/p>\n\n\n\n<p>Por su parte, el legislador<strong> Espartaco Mar\u00edn se refiri\u00f3 al \u00faltimo gobierno peronista y sostuvo que &#8220;tuvimos muchos errores en el periodo 2019 &#8211; 2023, pero nunca despidos masivos&#8221;.<\/strong><\/p>\n\n\n\n<p><strong>El \u00fanico legislador que no acompa\u00f1\u00f3 el repudio fue Maximiliano Alliaga,<\/strong> de Comunidad Organizada y alineado al Gobierno nacional, quien pidi\u00f3 abstenerse de votar en esta cuesti\u00f3n.\u00a0<\/p>\n\n\n\n<p><strong><em>Ahorristas.<\/em><\/strong><\/p>\n\n\n\n<p>Solo con los votos del oficialismo, fue aprobado un proyecto de resoluci\u00f3n del diputado Espartaco Mar\u00edn que manifiesta benepl\u00e1cito por la sentencia a favor de los<strong> ahorristas de planes de ahorro.<\/strong><\/p>\n\n\n\n<p>La abstenci\u00f3n de los bloques opositores (UCR, PRO-MID y Comunidad Organizada) la fundament\u00f3 el diputado Javier Torroba diciendo que &#8220;se podr\u00eda afectar la independencia de poderes porque la C\u00e1mara de Apelaciones a\u00fan tiene que resolver la apelaci\u00f3n al fallo en primera instancia&#8221;.<\/p>\n\n\n\n<p><strong>Mar\u00edn destac\u00f3 que &#8220;ese fallo no s\u00f3lo va a beneficiar a los 1.200 ahorristas que iniciaron la acci\u00f3n legal, sino a la totalidad de los pampeanos y las pampeanas que est\u00e1n sufriendo la misma situaci\u00f3n, la del aumento de las cuotas por encima de la inflaci\u00f3n&#8221;.<\/strong><\/p>\n\n\n\n<p>Remarc\u00f3 que &#8220;s\u00f3lo <strong>en La Pampa, Mendoza y C\u00f3rdoba han logrado este beneficio&#8221;<\/strong>, dijo que &#8220;el benepl\u00e1cito es por lo que ya sucedi\u00f3, la sentencia en primera instancia, y no por lo que vaya a suceder&#8221; y asegur\u00f3 que &#8220;si el riesgo es de que se interprete que estaremos haciendo lobby, el de las administradoras de planes de ahorro es inmenso y permanente&#8221;. La resoluci\u00f3n fue aprobada por la totalidad del bloque del FreJuPa.<\/p>\n\n\n\n<p><strong>Tambi\u00e9n solicitaron abstenerse de votar los legisladores del PRO-MID,<\/strong> durante el tratamiento del proyecto de resoluci\u00f3n de declaraci\u00f3n de inter\u00e9s legislativo de la publicaci\u00f3n &#8220;Dictadura y Verdad. Fudamentos y tensiones del derecho a la verdad&#8221;, de la autora pampeana Ivana Romina Barneix. Los integrantes del bloque oficialista y del radicalismo le dieron la aprobaci\u00f3n mayoritaria, oponi\u00e9ndose la diputada Sandra Fonseca.<\/p>\n\n\n\n<p><strong>Fuente: www.eldiariodelapampa.com.ar<\/strong><\/p>\n","protected":false},"excerpt":{"rendered":"<p>La C\u00e1mara de Diputados de La Pampa aprob\u00f3 por amplia mayor\u00eda un proyecto de repudio a los despidos de trabajadoras y trabajadores en las distintas delegaciones nacionales en La Pampa: ANSES, TELAM, Correo Argentino, ENACOM, ANMAC, Vialidad Nacional y la Secretar\u00eda de Agricultura Familiar. La iniciativa mereci\u00f3 un extenso tratamiento donde la diputada informante, por [&hellip;]<\/p>\n","protected":false},"author":5,"featured_media":4131,"comment_status":"open","ping_status":"open","sticky":false,"template":"","format":"standard","meta":[],"categories":[10],"tags":[],"_links":{"self":[{"href":"https:\/\/politicapatagonica.com\/index.php\/wp-json\/wp\/v2\/posts\/4130"}],"collection":[{"href":"https:\/\/politicapatagonica.com\/index.php\/wp-json\/wp\/v2\/posts"}],"about":[{"href":"https:\/\/politicapatagonica.com\/index.php\/wp-json\/wp\/v2\/types\/post"}],"author":[{"embeddable":true,"href":"https:\/\/politicapatagonica.com\/index.php\/wp-json\/wp\/v2\/users\/5"}],"replies":[{"embeddable":true,"href":"https:\/\/politicapatagonica.com\/index.php\/wp-json\/wp\/v2\/comments?post=4130"}],"version-history":[{"count":1,"href":"https:\/\/politicapatagonica.com\/index.php\/wp-json\/wp\/v2\/posts\/4130\/revisions"}],"predecessor-version":[{"id":4132,"href":"https:\/\/politicapatagonica.com\/index.php\/wp-json\/wp\/v2\/posts\/4130\/revisions\/4132"}],"wp:featuredmedia":[{"embeddable":true,"href":"https:\/\/politicapatagonica.com\/index.php\/wp-json\/wp\/v2\/media\/4131"}],"wp:attachment":[{"href":"https:\/\/politicapatagonica.com\/index.php\/wp-json\/wp\/v2\/media?parent=4130"}],"wp:term":[{"taxonomy":"category","embeddable":true,"href":"https:\/\/politicapatagonica.com\/index.php\/wp-json\/wp\/v2\/categories?post=4130"},{"taxonomy":"post_tag","embeddable":true,"href":"https:\/\/politicapatagonica.com\/index.php\/wp-json\/wp\/v2\/tags?post=4130"}],"curies":[{"name":"wp","href":"https:\/\/api.w.org\/{rel}","templated":true}]}}