{"id":4125,"date":"2024-05-30T22:18:41","date_gmt":"2024-05-30T22:18:41","guid":{"rendered":"https:\/\/politicapatagonica.com\/?p=4125"},"modified":"2024-05-30T22:18:42","modified_gmt":"2024-05-30T22:18:42","slug":"vuoto-entrego-titulos-de-propiedad-de-la-tierra-a-vecinos-de-ushuaia","status":"publish","type":"post","link":"https:\/\/politicapatagonica.com\/index.php\/2024\/05\/30\/vuoto-entrego-titulos-de-propiedad-de-la-tierra-a-vecinos-de-ushuaia\/","title":{"rendered":"Vuoto entreg\u00f3 t\u00edtulos de propiedad de la tierra a vecinos de Ushuaia"},"content":{"rendered":"\n<p><br>El intendente de Ushuaia, Walter Vuoto, entreg\u00f3 los t\u00edtulos de propiedad de la tierra a 23 familias de Ushuaia, en el marco de las acciones en materia habitacional que lleva adelante el municipio.<\/p>\n\n\n\n<p>El acto se desarroll\u00f3 en la sede de la Intendencia, donde el Jefe del Ejecutivo de la ciudad rubric\u00f3 junto a los beneficiarios la documentaci\u00f3n correspondiente. Vuoto sostuvo que \u201ces una alegr\u00eda enorme poder concretar estas acciones que significan mucho para los vecinos y vecinas de la ciudad\u201d, y destac\u00f3 que \u201catr\u00e1s de esto hay un gran trabajo del personal de distintas \u00e1reas de la Municipalidad\u201d.<\/p>\n\n\n\n<p>El Intendente remarc\u00f3 que \u201cdesde el primer d\u00eda de gesti\u00f3n trabajamos para dar respuesta a la demanda de muchos ushuaienses de acceder a la tierra, a una soluci\u00f3n habitacional o a la regularizaci\u00f3n de la tenencia de sus terrenos\u201d.<\/p>\n\n\n\n<p>Finalmente, asegur\u00f3 que \u201cm\u00e1s all\u00e1 de los vaivenes econ\u00f3micos a nivel nacional nuestro compromiso es seguir estando al lado de la gente, dando contenci\u00f3n, atendiendo sus necesidades y cumpliendo con la comunidad\u201d.<\/p>\n","protected":false},"excerpt":{"rendered":"<p>El intendente de Ushuaia, Walter Vuoto, entreg\u00f3 los t\u00edtulos de propiedad de la tierra a 23 familias de Ushuaia, en el marco de las acciones en materia habitacional que lleva adelante el municipio. El acto se desarroll\u00f3 en la sede de la Intendencia, donde el Jefe del Ejecutivo de la ciudad rubric\u00f3 junto a los [&hellip;]<\/p>\n","protected":false},"author":5,"featured_media":4126,"comment_status":"open","ping_status":"open","sticky":false,"template":"","format":"standard","meta":[],"categories":[11],"tags":[],"_links":{"self":[{"href":"https:\/\/politicapatagonica.com\/index.php\/wp-json\/wp\/v2\/posts\/4125"}],"collection":[{"href":"https:\/\/politicapatagonica.com\/index.php\/wp-json\/wp\/v2\/posts"}],"about":[{"href":"https:\/\/politicapatagonica.com\/index.php\/wp-json\/wp\/v2\/types\/post"}],"author":[{"embeddable":true,"href":"https:\/\/politicapatagonica.com\/index.php\/wp-json\/wp\/v2\/users\/5"}],"replies":[{"embeddable":true,"href":"https:\/\/politicapatagonica.com\/index.php\/wp-json\/wp\/v2\/comments?post=4125"}],"version-history":[{"count":1,"href":"https:\/\/politicapatagonica.com\/index.php\/wp-json\/wp\/v2\/posts\/4125\/revisions"}],"predecessor-version":[{"id":4127,"href":"https:\/\/politicapatagonica.com\/index.php\/wp-json\/wp\/v2\/posts\/4125\/revisions\/4127"}],"wp:featuredmedia":[{"embeddable":true,"href":"https:\/\/politicapatagonica.com\/index.php\/wp-json\/wp\/v2\/media\/4126"}],"wp:attachment":[{"href":"https:\/\/politicapatagonica.com\/index.php\/wp-json\/wp\/v2\/media?parent=4125"}],"wp:term":[{"taxonomy":"category","embeddable":true,"href":"https:\/\/politicapatagonica.com\/index.php\/wp-json\/wp\/v2\/categories?post=4125"},{"taxonomy":"post_tag","embeddable":true,"href":"https:\/\/politicapatagonica.com\/index.php\/wp-json\/wp\/v2\/tags?post=4125"}],"curies":[{"name":"wp","href":"https:\/\/api.w.org\/{rel}","templated":true}]}}